{"id":7511,"date":"2019-05-22T14:03:32","date_gmt":"2019-05-22T14:03:32","guid":{"rendered":"http:\/\/www.sindenfermeiro.com.br\/?p=7511"},"modified":"2026-04-26T16:43:10","modified_gmt":"2026-04-26T19:43:10","slug":"enfermeiros-recebem-homenagem-da-camara-legislativa-2","status":"publish","type":"post","link":"https:\/\/sindenfermeiro.com.br\/index.php\/2019\/05\/22\/enfermeiros-recebem-homenagem-da-camara-legislativa-2\/","title":{"rendered":"Enfermeiros recebem homenagem da C\u00e2mara Legislativa"},"content":{"rendered":"<style type=\"text\/css\">\n#foogallery-gallery-7481 .fg-image { width: 640px; }<\/style>\n\t\t\t<div class=\"foogallery foogallery-container foogallery-image-viewer foogallery-link-image foogallery-lightbox-none fg-center fg-image-viewer fg-ready fg-light fg-border-thin fg-shadow-outline fg-loading-default fg-loaded-fade-in fg-caption-hover fg-hover-fade fg-hover-zoom\" id=\"foogallery-gallery-7481\" data-foogallery=\"{&quot;item&quot;:{&quot;showCaptionTitle&quot;:true,&quot;showCaptionDescription&quot;:true},&quot;lazy&quot;:true,&quot;template&quot;:{&quot;loop&quot;:true}}\" style=\"--fg-title-line-clamp: 0; --fg-description-line-clamp: 0;\" >\n\t<div class=\"fiv-inner\">\n\t\t<div class=\"fiv-inner-container\">\n\t\t\t\t\t<\/div>\n\t\t<div class=\"fiv-ctrls\">\n\t\t\t<button type=\"button\" class=\"fiv-prev\" title=\"Prev\"><span>Prev<\/span><\/button>\n\t\t\t<label class=\"fiv-count\"><span class=\"fiv-count-current\">1<\/span>of<span class=\"fiv-count-total\">153<\/span><\/label>\n\t\t\t<button type=\"button\" class=\"fiv-next\" title=\"Next\"><span>Next<\/span><\/button>\n\t\t<\/div>\n\t<\/div>\n<\/div>\n<p>&nbsp;<\/p>\n<p style=\"text-align: justify\">Enfermeiros, auxiliares e t\u00e9cnicos em enfermagem foram homenageados pela C\u00e2mara Legislativa do Distrito Federal (CLDF), na \u00faltima segunda (20), em sess\u00e3o solene proposta pelo deputado distrital Jorge Vianna. \u00a0A solenidade aconteceu em fun\u00e7\u00e3o do Dia do Enfermeiro e do Auxiliar e T\u00e9cnico em Enfermagem &#8211; celebrados em 12 e 20 de maio respectivamente.<\/p>\n<p style=\"text-align: justify\">A cerim\u00f4nia contou com a presen\u00e7a dos representantes do\u00a0 SindEnfermeiro, Sindate, COREN, Secretaria de Sa\u00fade e da rede privada. Quase mil pessoas estiveram presentes no evento, que lotou o audit\u00f3rio da C\u00e2mara Legislativa.<\/p>\n<p style=\"text-align: justify\">Ao todo, mais de 400 profissionais receberam mo\u00e7\u00e3o de louvor pelos servi\u00e7os prestados \u00e0 popula\u00e7\u00e3o e \u00e0 Sa\u00fade do Distrito Federal. A solenidade tamb\u00e9m foi pautada por discursos que chamaram a aten\u00e7\u00e3o sobre as condi\u00e7\u00f5es de trabalho das categorias e sobre o tema central da 80\u00aa Semana Brasileira de Enfermagem, \u201cos desafios da Enfermagem para a pr\u00e1tica com equidade\u201d<\/p>\n<p style=\"text-align: justify\">Dayse Amar\u00edlio, presidente do Sindicato dos Enfermeiros do Distrito Federal (SindEnfermeiro-DF) lembrou dos desafios que a enfermagem enfrenta, do desmonte que o Sistema \u00danico de Sa\u00fade (SUS) est\u00e1 passando e sobre a import\u00e2ncia de valoriza\u00e7\u00e3o da enfermagem. \u201cSe a gest\u00e3o entendesse o valor da enfermagem, colocaria esse profissional em posi\u00e7\u00f5es estrat\u00e9gicas com valoriza\u00e7\u00e3o e autonomia e n\u00e3o ter\u00edamos que implorar pelas 30 horas, por um piso salarial, por exemplo\u201d, ressaltou a Dayse.<\/p>\n<p style=\"text-align: justify\">A presidente do SindEnfermeiro ressaltou a import\u00e2ncia dos profissionais da enfermagem usarem a enfermagem como ci\u00eancia e atrav\u00e9s do conhecimento ganharem espa\u00e7o e ocuparem posi\u00e7\u00f5es de poder.<\/p>\n<p style=\"text-align: justify\">\u00a0\u201cA sa\u00fade s\u00f3 vai melhorar quando n\u00f3s enxergarmos o nosso papel e a necessidade de elegermos parlamentares que representem a nossa categoria e pensem realmente na necessidade do fortalecimento do SUS para acesso de quem realmente mais precisa\u201d, completou.<\/p>\n<p style=\"text-align: justify\"><strong>Cidad\u00e3os honor\u00e1rios e lan\u00e7amento de livro<\/strong><\/p>\n<p style=\"text-align: justify\">Durante o evento, o t\u00e9cnico em enfermagem Jo\u00e3o Cardoso e a enfermeira On\u00e3 Silva, receberam o certificado de cidad\u00e3o honor\u00e1rio de Bras\u00edlia, tendo em vista a rela\u00e7\u00e3o que os dois t\u00eam com a capital do Brasil. On\u00e3 Silva, que hoje \u00e9 enfermeira aposentada e poetisa, aproveitou a ocasi\u00e3o para lan\u00e7ar o livro em que conta a hist\u00f3ria do deputado Jorge Vianna por meio da literatura de cordel.<\/p>\n","protected":false},"excerpt":{"rendered":"<p>&nbsp; Enfermeiros, auxiliares e t\u00e9cnicos em enfermagem foram homenageados pela C\u00e2mara Legislativa do Distrito Federal (CLDF), na \u00faltima segunda (20), em sess\u00e3o solene proposta pelo deputado distrital Jorge Vianna. \u00a0A solenidade aconteceu em fun\u00e7\u00e3o do Dia do Enfermeiro e do Auxiliar e T\u00e9cnico em Enfermagem &#8211; celebrados em 12 e 20 de maio respectivamente. A [&hellip;]<\/p>\n","protected":false},"author":6,"featured_media":7429,"comment_status":"closed","ping_status":"closed","sticky":false,"template":"","format":"standard","meta":{"footnotes":""},"categories":[6,13,5],"tags":[34,7,99,257,21,22],"class_list":["post-7511","post","type-post","status-publish","format-standard","has-post-thumbnail","hentry","category-noticias","category-rede-privada","category-rede-publica","tag-cldf","tag-enfermagem","tag-enfermagem-df","tag-sessao-solene","tag-sindenfermeiro","tag-sindicato-dos-enfermeiros"],"_links":{"self":[{"href":"https:\/\/sindenfermeiro.com.br\/index.php\/wp-json\/wp\/v2\/posts\/7511","targetHints":{"allow":["GET"]}}],"collection":[{"href":"https:\/\/sindenfermeiro.com.br\/index.php\/wp-json\/wp\/v2\/posts"}],"about":[{"href":"https:\/\/sindenfermeiro.com.br\/index.php\/wp-json\/wp\/v2\/types\/post"}],"author":[{"embeddable":true,"href":"https:\/\/sindenfermeiro.com.br\/index.php\/wp-json\/wp\/v2\/users\/6"}],"replies":[{"embeddable":true,"href":"https:\/\/sindenfermeiro.com.br\/index.php\/wp-json\/wp\/v2\/comments?post=7511"}],"version-history":[{"count":1,"href":"https:\/\/sindenfermeiro.com.br\/index.php\/wp-json\/wp\/v2\/posts\/7511\/revisions"}],"predecessor-version":[{"id":36767,"href":"https:\/\/sindenfermeiro.com.br\/index.php\/wp-json\/wp\/v2\/posts\/7511\/revisions\/36767"}],"wp:featuredmedia":[{"embeddable":true,"href":"https:\/\/sindenfermeiro.com.br\/index.php\/wp-json\/"}],"wp:attachment":[{"href":"https:\/\/sindenfermeiro.com.br\/index.php\/wp-json\/wp\/v2\/media?parent=7511"}],"wp:term":[{"taxonomy":"category","embeddable":true,"href":"https:\/\/sindenfermeiro.com.br\/index.php\/wp-json\/wp\/v2\/categories?post=7511"},{"taxonomy":"post_tag","embeddable":true,"href":"https:\/\/sindenfermeiro.com.br\/index.php\/wp-json\/wp\/v2\/tags?post=7511"}],"curies":[{"name":"wp","href":"https:\/\/api.w.org\/{rel}","templated":true}]}}