{"id":751,"date":"2016-12-20T19:07:52","date_gmt":"2016-12-20T19:07:52","guid":{"rendered":"http:\/\/www.sindenfermeiro.com.br\/?p=751"},"modified":"2026-04-29T08:18:53","modified_gmt":"2026-04-29T11:18:53","slug":"sindenfermeiro-participa-de-nova-reuniao-com-secretarios-de-governo","status":"publish","type":"post","link":"https:\/\/sindenfermeiro.com.br\/index.php\/2016\/12\/20\/sindenfermeiro-participa-de-nova-reuniao-com-secretarios-de-governo\/","title":{"rendered":"SindEnfermeiro participa de nova reuni\u00e3o com secret\u00e1rios de governo"},"content":{"rendered":"<p style=\"text-align: justify\"><span style=\"font-size: 14pt\"><em><strong>Situa\u00e7\u00e3o do Hospital Regional de Santa Maria ser\u00e1\u00a0normalizada ainda hoje, afirma secret\u00e1rio de sa\u00fade<\/strong><\/em><\/span><\/p>\n<p style=\"text-align: justify\"><span style=\"font-size: 14pt\">O SindEnfermeiro participou, hoje (20), de reuni\u00e3o entre representantes sindicais do setor da sa\u00fade e os secret\u00e1rios de sa\u00fade e da Casa Civil, Humberto Fonseca e S\u00e9rgio Sampaio, respectivamente. Foi a segunda reuni\u00e3o conjunta entre as partes desde o in\u00edcio da gest\u00e3o Rollemberg.<\/span><\/p>\n<p style=\"text-align: justify\"><span style=\"font-size: 14pt\">Durante o encontro, o SindEnfermeiro mencionou a situa\u00e7\u00e3o do Hospital Regional de Santa Maria que, estava amea\u00e7ado de ter a Unidades de Terapia Intensivas (UTI) estagnadas, a partir da pr\u00f3xima quinta-feira (22), por falta de repasse \u00e0 Intensicare, empresa que as gerencia.<\/span><\/p>\n<p style=\"text-align: justify\"><span style=\"font-size: 14pt\">\u201cO hospital est\u00e1 a beira de um colapso. Tem 67 pessoas internadas nas UTIs e, se a secretaria n\u00e3o regularizar o pagamento, n\u00e3o sabemos o que acontecer\u00e1 com estes pacientes\u201d, explica Tarc\u00edsio Faria, diretor do SindEnfermeiro.<\/span><\/p>\n<p style=\"text-align: justify\"><span style=\"font-size: 14pt\">De acordo com Humberto Costa, secret\u00e1rio de sa\u00fade, cerca de 7 milh\u00f5es foram pagos, na \u00faltima segunda-feira (19). Humberto Costa ainda afirma que cerca de 10 milh\u00f5es ainda ser\u00e3o pagos em dezembro deste ano, e o restante em janeiro de 2017. Com isso, a UTI do Hospital de Santa Maria, que \u00e9 considerada a maior da Am\u00e9rica-Latina, n\u00e3o ter\u00e1 suas unidades de Terapia Intensiva fechadas.<\/span><\/p>\n<p style=\"text-align: justify\"><span style=\"font-size: 14pt\">\u201cOs m\u00e9dicos v\u00e3o receber e j\u00e1 se comprometeram a n\u00e3o parar. A Fazenda conseguiu os recursos e conseguimos fazer os pagamentos. Portanto, n\u00e3o haver\u00e1 suspens\u00e3o na UTI de Santa Maria\u201d, explica o secret\u00e1rio.<\/span><\/p>\n<p style=\"text-align: justify\"><span style=\"font-size: 14pt\">A lavanderia do hospital tamb\u00e9m estava sob imin\u00eancia de ser suspensa por falta de pagamento. O Governo do Distrito Federal (GDF) deve cerca de 9 milh\u00f5es \u00e0 empresa que executa o servi\u00e7o da unidade. No entanto, o secret\u00e1rio de sa\u00fade afirmou que metade do pagamento ser\u00e1 feita ainda hoje e o servi\u00e7o, consequentemente, n\u00e3o ser\u00e1 interrompido.<\/span><\/p>\n<p style=\"text-align: justify\"><img loading=\"lazy\" decoding=\"async\" class=\"alignnone size-full wp-image-752\" src=\"http:\/\/www.sindenfermeiro.com.br\/wp-content\/uploads\/2016\/12\/WhatsApp-Image-2016-12-20-at-10.39.32-1.jpeg\" alt=\"WhatsApp Image 2016-12-20 at 10.39.32 (1)\" width=\"1280\" height=\"960\" \/><\/p>\n<p style=\"text-align: justify\"><span style=\"font-size: 14pt\"><strong>Concursados<\/strong><\/span><\/p>\n<p style=\"text-align: justify\"><span style=\"font-size: 14pt\">Os sindicatos reivindicaram tamb\u00e9m a convoca\u00e7\u00e3o de concursados. Segundo o secret\u00e1rio de sa\u00fade, as primeiras\u00a0convoca\u00e7\u00f5es ser\u00e3o feitas j\u00e1 em \u00a0janeiro de 2017. \u201cFaremos duas nomea\u00e7\u00f5es. Uma no in\u00edcio de janeiro \u2013 em substitui\u00e7\u00f5es \u00e0s exonera\u00e7\u00f5es, e outra no final do mesmo m\u00eas &#8211; em fun\u00e7\u00e3o das aposentadorias\u201d, confirmou Humberto Costa.<\/span><\/p>\n<p style=\"text-align: justify\"><span style=\"font-size: 14pt\"><strong>Insalubridade<\/strong><\/span><\/p>\n<p style=\"text-align: justify\"><span style=\"font-size: 14pt\">Outra quest\u00e3o levada pelos sindicatos \u00e9 a regulariza\u00e7\u00e3o de repasse do valor por atua\u00e7\u00e3o em \u00e1reas insalubres (enfermeiros n\u00e3o recebem o valor desde 2015).<\/span><\/p>\n<p style=\"text-align: justify\"><span style=\"font-size: 14pt\">\u201cNossa preocupa\u00e7\u00e3o \u00e9 colocar essa condi\u00e7\u00e3o de sa\u00fade \u2013 o mais r\u00e1pido poss\u00edvel &#8211; para o trabalhador e para o cidad\u00e3o\u201d, explica Dayse Amarilio, presidente do SindEnfermeiro.<\/span><\/p>\n<p style=\"text-align: justify\"><span style=\"font-size: 14pt\">De acordo com os secret\u00e1rio da Casa Civil, Sergio Sampaio, o impasse em torno do valor por insalubridade deve ser resolvido em breve.<\/span><\/p>\n<p style=\"text-align: justify\"><span style=\"font-size: 14pt\"><strong>Portaria 231<\/strong><\/span><\/p>\n<p style=\"text-align: justify\"><span style=\"font-size: 14pt\">Durante a reuni\u00e3o tamb\u00e9m foi montada uma comiss\u00e3o para avaliar o andamento e as consequ\u00eancias da Portaria 231, que determina o cumprimento de carga hor\u00e1ria dos servidores da assist\u00eancia prim\u00e1ria, nas UPAs e nos hospitais.<\/span><\/p>\n<p style=\"text-align: justify\"><img loading=\"lazy\" decoding=\"async\" class=\"alignnone size-full wp-image-713\" src=\"http:\/\/www.sindenfermeiro.com.br\/wp-content\/uploads\/2016\/12\/SINDICATO-1.png\" alt=\"SINDICATO (1)\" width=\"800\" height=\"800\" \/><\/p>\n<p style=\"text-align: justify\"><span style=\"font-size: 14pt\">Tamb\u00e9m participaram da reuni\u00e3o representantes da secretaria de Planejamento do Distrito Federal. De acordo com os secret\u00e1rios, os encontros para avalia\u00e7\u00e3o e debate a respeito da sa\u00fade do DF devem acontecer, pelo menos, uma vez por m\u00eas.<\/span><\/p>\n","protected":false},"excerpt":{"rendered":"<p>Situa\u00e7\u00e3o do Hospital Regional de Santa Maria ser\u00e1\u00a0normalizada ainda hoje, afirma secret\u00e1rio de sa\u00fade O SindEnfermeiro participou, hoje (20), de reuni\u00e3o entre representantes sindicais do setor da sa\u00fade e os secret\u00e1rios de sa\u00fade e da Casa Civil, Humberto Fonseca e S\u00e9rgio Sampaio, respectivamente. Foi a segunda reuni\u00e3o conjunta entre as partes desde o in\u00edcio da [&hellip;]<\/p>\n","protected":false},"author":6,"featured_media":752,"comment_status":"closed","ping_status":"closed","sticky":false,"template":"","format":"standard","meta":{"footnotes":""},"categories":[6,2],"tags":[],"class_list":["post-751","post","type-post","status-publish","format-standard","has-post-thumbnail","hentry","category-noticias","category-teste"],"_links":{"self":[{"href":"https:\/\/sindenfermeiro.com.br\/index.php\/wp-json\/wp\/v2\/posts\/751","targetHints":{"allow":["GET"]}}],"collection":[{"href":"https:\/\/sindenfermeiro.com.br\/index.php\/wp-json\/wp\/v2\/posts"}],"about":[{"href":"https:\/\/sindenfermeiro.com.br\/index.php\/wp-json\/wp\/v2\/types\/post"}],"author":[{"embeddable":true,"href":"https:\/\/sindenfermeiro.com.br\/index.php\/wp-json\/wp\/v2\/users\/6"}],"replies":[{"embeddable":true,"href":"https:\/\/sindenfermeiro.com.br\/index.php\/wp-json\/wp\/v2\/comments?post=751"}],"version-history":[{"count":1,"href":"https:\/\/sindenfermeiro.com.br\/index.php\/wp-json\/wp\/v2\/posts\/751\/revisions"}],"predecessor-version":[{"id":33008,"href":"https:\/\/sindenfermeiro.com.br\/index.php\/wp-json\/wp\/v2\/posts\/751\/revisions\/33008"}],"wp:featuredmedia":[{"embeddable":true,"href":"https:\/\/sindenfermeiro.com.br\/index.php\/wp-json\/"}],"wp:attachment":[{"href":"https:\/\/sindenfermeiro.com.br\/index.php\/wp-json\/wp\/v2\/media?parent=751"}],"wp:term":[{"taxonomy":"category","embeddable":true,"href":"https:\/\/sindenfermeiro.com.br\/index.php\/wp-json\/wp\/v2\/categories?post=751"},{"taxonomy":"post_tag","embeddable":true,"href":"https:\/\/sindenfermeiro.com.br\/index.php\/wp-json\/wp\/v2\/tags?post=751"}],"curies":[{"name":"wp","href":"https:\/\/api.w.org\/{rel}","templated":true}]}}