{"id":7480,"date":"2019-05-22T13:51:21","date_gmt":"2019-05-22T13:51:21","guid":{"rendered":"http:\/\/www.sindenfermeiro.com.br\/?p=7480"},"modified":"2026-04-26T20:18:37","modified_gmt":"2026-04-26T23:18:37","slug":"sindenfermeiro-vai-ate-hrbz-averiguar-condicoes-do-repouso-dos-enfermeiros","status":"publish","type":"post","link":"https:\/\/sindenfermeiro.com.br\/index.php\/2019\/05\/22\/sindenfermeiro-vai-ate-hrbz-averiguar-condicoes-do-repouso-dos-enfermeiros\/","title":{"rendered":"SindEnfermeiro vai at\u00e9 HRBZ averiguar condi\u00e7\u00f5es do repouso dos enfermeiros"},"content":{"rendered":"<style type=\"text\/css\">\n#foogallery-gallery-7476 .fg-image { width: 640px; }<\/style>\n\t\t\t<div class=\"foogallery foogallery-container foogallery-image-viewer foogallery-link-image foogallery-lightbox-none fg-center fg-image-viewer fg-ready fg-light fg-border-thin fg-shadow-outline fg-loading-default fg-loaded-fade-in fg-caption-hover fg-hover-fade fg-hover-zoom\" id=\"foogallery-gallery-7476\" data-foogallery=\"{&quot;item&quot;:{&quot;showCaptionTitle&quot;:true,&quot;showCaptionDescription&quot;:true},&quot;lazy&quot;:true,&quot;template&quot;:{&quot;loop&quot;:true}}\" style=\"--fg-title-line-clamp: 0; --fg-description-line-clamp: 0;\" >\n\t<div class=\"fiv-inner\">\n\t\t<div class=\"fiv-inner-container\">\n\t\t\t\t\t<\/div>\n\t\t<div class=\"fiv-ctrls\">\n\t\t\t<button type=\"button\" class=\"fiv-prev\" title=\"Prev\"><span>Prev<\/span><\/button>\n\t\t\t<label class=\"fiv-count\"><span class=\"fiv-count-current\">1<\/span>of<span class=\"fiv-count-total\">6<\/span><\/label>\n\t\t\t<button type=\"button\" class=\"fiv-next\" title=\"Next\"><span>Next<\/span><\/button>\n\t\t<\/div>\n\t<\/div>\n<\/div>\n<p style=\"text-align: justify\">A presidente do Sindicato dos Enfermeiros do Distrito Federal (SindEnfermeiro), Dayse Amar\u00edlio e o secret\u00e1rio-geral, Jorge Henrique, estiveram na \u00faltima segunda-feira (20), no Hospital Regional de Brazl\u00e2ndia (HRBZ) para averiguar as den\u00fancias sobre as do repouso das enfermeiras de plant\u00e3o na institui\u00e7\u00e3o.<\/p>\n<p style=\"text-align: justify\">De acordo com a den\u00fancia, todas as enfermeiras do hospital dividem o mesmo repouso. Em caso de plant\u00e3o com equipe completa, o ambiente j\u00e1 pequeno e com pouca ventila\u00e7\u00e3o, fica com sete enfermeiras para seis leitos. O que deixaria o local insalubre, j\u00e1 que sala n\u00e3o tem espa\u00e7o suficiente para comportar a quantidade de enfermeiros da institui\u00e7\u00e3o. Outra dificuldade enfrentada pela falta de espa\u00e7o, \u00e9 o fato de as plantonistas do bloco da maternidade e ber\u00e7\u00e1rio ficarem muito distantes do acesso imediato do plant\u00e3o em caso de intercorr\u00eancias.<\/p>\n<p style=\"text-align: justify\">Os diretores do SindEnfermeiro foram recebidos pelo gerente de enfermagem, L\u00facio Fl\u00e1vio e pelo diretor administrativo Cristiano Sol\u00e9, que acompanharam na vistoria em todos os ambientes de repouso. O gerente de enfermagem e o diretor administrativo do HRBZ fizeram um compromisso com o sindicato de buscar uma solu\u00e7\u00e3o para a situa\u00e7\u00e3o e tentar trazer o repouso das enfermeiras da maternidade e do ber\u00e7\u00e1rio para um bloco mais pr\u00f3ximo.<\/p>\n<p style=\"text-align: justify\">\u201cPedimos um tratamento ison\u00f4mico para os enfermeiros, j\u00e1 que os outros profissionais t\u00eam um repouso pr\u00f3prio e melhor. N\u00f3s iremos fazer uma notifica\u00e7\u00e3o por escrito ao hospital solicitando um prazo para a resolu\u00e7\u00e3o da situa\u00e7\u00e3o, mas vimos que os gestores est\u00e3o dispostos a resolver essa situa\u00e7\u00e3o\u201d, disse Dayse Amar\u00edlio.<\/p>\n<p style=\"text-align: justify\">O SindEnfermeiro acompanhar\u00e1 a situa\u00e7\u00e3o de perto at\u00e9 que ela seja resolvida e reiteramos nosso papel na defesa de todos os enfermeiros do Distrito Federal.<\/p>\n","protected":false},"excerpt":{"rendered":"<p>A presidente do Sindicato dos Enfermeiros do Distrito Federal (SindEnfermeiro), Dayse Amar\u00edlio e o secret\u00e1rio-geral, Jorge Henrique, estiveram na \u00faltima segunda-feira (20), no Hospital Regional de Brazl\u00e2ndia (HRBZ) para averiguar as den\u00fancias sobre as do repouso das enfermeiras de plant\u00e3o na institui\u00e7\u00e3o. De acordo com a den\u00fancia, todas as enfermeiras do hospital dividem o mesmo [&hellip;]<\/p>\n","protected":false},"author":6,"featured_media":7478,"comment_status":"closed","ping_status":"closed","sticky":false,"template":"","format":"standard","meta":{"footnotes":""},"categories":[6,5],"tags":[7,109,256,21,22],"class_list":["post-7480","post","type-post","status-publish","format-standard","has-post-thumbnail","hentry","category-noticias","category-rede-publica","tag-enfermagem","tag-fiscaliza-sindenfermeiro","tag-hrbz","tag-sindenfermeiro","tag-sindicato-dos-enfermeiros"],"_links":{"self":[{"href":"https:\/\/sindenfermeiro.com.br\/index.php\/wp-json\/wp\/v2\/posts\/7480","targetHints":{"allow":["GET"]}}],"collection":[{"href":"https:\/\/sindenfermeiro.com.br\/index.php\/wp-json\/wp\/v2\/posts"}],"about":[{"href":"https:\/\/sindenfermeiro.com.br\/index.php\/wp-json\/wp\/v2\/types\/post"}],"author":[{"embeddable":true,"href":"https:\/\/sindenfermeiro.com.br\/index.php\/wp-json\/wp\/v2\/users\/6"}],"replies":[{"embeddable":true,"href":"https:\/\/sindenfermeiro.com.br\/index.php\/wp-json\/wp\/v2\/comments?post=7480"}],"version-history":[{"count":1,"href":"https:\/\/sindenfermeiro.com.br\/index.php\/wp-json\/wp\/v2\/posts\/7480\/revisions"}],"predecessor-version":[{"id":36802,"href":"https:\/\/sindenfermeiro.com.br\/index.php\/wp-json\/wp\/v2\/posts\/7480\/revisions\/36802"}],"wp:featuredmedia":[{"embeddable":true,"href":"https:\/\/sindenfermeiro.com.br\/index.php\/wp-json\/"}],"wp:attachment":[{"href":"https:\/\/sindenfermeiro.com.br\/index.php\/wp-json\/wp\/v2\/media?parent=7480"}],"wp:term":[{"taxonomy":"category","embeddable":true,"href":"https:\/\/sindenfermeiro.com.br\/index.php\/wp-json\/wp\/v2\/categories?post=7480"},{"taxonomy":"post_tag","embeddable":true,"href":"https:\/\/sindenfermeiro.com.br\/index.php\/wp-json\/wp\/v2\/tags?post=7480"}],"curies":[{"name":"wp","href":"https:\/\/api.w.org\/{rel}","templated":true}]}}