{"id":747,"date":"2016-12-20T13:50:59","date_gmt":"2016-12-20T13:50:59","guid":{"rendered":"http:\/\/www.sindenfermeiro.com.br\/?p=747"},"modified":"2026-04-29T08:17:45","modified_gmt":"2026-04-29T11:17:45","slug":"comunicado-recesso-forense-do-juridico","status":"publish","type":"post","link":"https:\/\/sindenfermeiro.com.br\/index.php\/2016\/12\/20\/comunicado-recesso-forense-do-juridico\/","title":{"rendered":"Comunicado: Recesso Forense do Jur\u00eddico"},"content":{"rendered":"<p style=\"text-align: justify\"><span style=\"font-size: 14pt\">Entre os dias 20 de dezembro e 20 de janeiro, o departamento jur\u00eddico do SindEnfermeiro estar\u00e1 sob recesso forense. Portanto, durante este per\u00edodo, n\u00e3o haver\u00e1 plant\u00e3o de atendimento. Os servi\u00e7os voltam a funcionam normalmente\u00a0a partir do dia 21 de janeiro.<\/span><\/p>\n<p><img loading=\"lazy\" decoding=\"async\" class=\"alignnone size-full wp-image-748\" src=\"http:\/\/www.sindenfermeiro.com.br\/wp-content\/uploads\/2016\/12\/WhatsApp-Image-2016-12-19-at-16.02.56.jpeg\" alt=\"WhatsApp Image 2016-12-19 at 16.02.56\" width=\"800\" height=\"800\" \/><\/p>\n","protected":false},"excerpt":{"rendered":"<p>Entre os dias 20 de dezembro e 20 de janeiro, o departamento jur\u00eddico do SindEnfermeiro estar\u00e1 sob recesso forense. Portanto, durante este per\u00edodo, n\u00e3o haver\u00e1 plant\u00e3o de atendimento. Os servi\u00e7os voltam a funcionam normalmente\u00a0a partir do dia 21 de janeiro.<\/p>\n","protected":false},"author":6,"featured_media":748,"comment_status":"closed","ping_status":"closed","sticky":false,"template":"","format":"standard","meta":{"footnotes":""},"categories":[6,2],"tags":[],"class_list":["post-747","post","type-post","status-publish","format-standard","has-post-thumbnail","hentry","category-noticias","category-teste"],"_links":{"self":[{"href":"https:\/\/sindenfermeiro.com.br\/index.php\/wp-json\/wp\/v2\/posts\/747","targetHints":{"allow":["GET"]}}],"collection":[{"href":"https:\/\/sindenfermeiro.com.br\/index.php\/wp-json\/wp\/v2\/posts"}],"about":[{"href":"https:\/\/sindenfermeiro.com.br\/index.php\/wp-json\/wp\/v2\/types\/post"}],"author":[{"embeddable":true,"href":"https:\/\/sindenfermeiro.com.br\/index.php\/wp-json\/wp\/v2\/users\/6"}],"replies":[{"embeddable":true,"href":"https:\/\/sindenfermeiro.com.br\/index.php\/wp-json\/wp\/v2\/comments?post=747"}],"version-history":[{"count":1,"href":"https:\/\/sindenfermeiro.com.br\/index.php\/wp-json\/wp\/v2\/posts\/747\/revisions"}],"predecessor-version":[{"id":33007,"href":"https:\/\/sindenfermeiro.com.br\/index.php\/wp-json\/wp\/v2\/posts\/747\/revisions\/33007"}],"wp:featuredmedia":[{"embeddable":true,"href":"https:\/\/sindenfermeiro.com.br\/index.php\/wp-json\/"}],"wp:attachment":[{"href":"https:\/\/sindenfermeiro.com.br\/index.php\/wp-json\/wp\/v2\/media?parent=747"}],"wp:term":[{"taxonomy":"category","embeddable":true,"href":"https:\/\/sindenfermeiro.com.br\/index.php\/wp-json\/wp\/v2\/categories?post=747"},{"taxonomy":"post_tag","embeddable":true,"href":"https:\/\/sindenfermeiro.com.br\/index.php\/wp-json\/wp\/v2\/tags?post=747"}],"curies":[{"name":"wp","href":"https:\/\/api.w.org\/{rel}","templated":true}]}}