{"id":744,"date":"2016-12-16T18:09:45","date_gmt":"2016-12-16T18:09:45","guid":{"rendered":"http:\/\/www.sindenfermeiro.com.br\/?p=744"},"modified":"2026-04-29T06:58:38","modified_gmt":"2026-04-29T09:58:38","slug":"stj-descriminaliza-desacato-a-servidor-publico","status":"publish","type":"post","link":"https:\/\/sindenfermeiro.com.br\/index.php\/2016\/12\/16\/stj-descriminaliza-desacato-a-servidor-publico\/","title":{"rendered":"STJ descriminaliza desacato a servidor p\u00fablico"},"content":{"rendered":"<p style=\"line-height: 21pt;margin: 0cm 0cm 21pt;text-align: justify;background: white\"><span style=\"font-size: 14pt;font-family: Georgia;color: #1a1a1a\">Ontem (15), a quinta Turma do Superior Tribunal de Justi\u00e7a (STJ) decidiu \u2013por unanimidade &#8211; descriminalizar a conduta de desacato a funcion\u00e1rio p\u00fablico em exerc\u00edcio da fun\u00e7\u00e3o. De acordo com o C\u00f3digo Penal, o ato renderia pena de pris\u00e3o de seis meses a dois anos, ou pagamento de multa. <\/span><\/p>\n<p style=\"line-height: 21pt;margin: 0cm 0cm 21pt;text-align: justify;background: white\"><span style=\"font-size: 14pt;font-family: Georgia;color: #1a1a1a\">Os ministros argumentaram que a tipifica\u00e7\u00e3o vai contra leis internacionais, como a Conven\u00e7\u00e3o Americana de Direitos Humanos. O colegiado apoiou o relat\u00f3rio do ministro Marcelo Navarro Ribeiro Dantas e interpretou que as normas criminalistas de desacato censuram ideias e opini\u00f5es. O que caracterizaria a desigualdade entre o servidor p\u00fablico e um suposto infrator.<\/span><\/p>\n<p style=\"line-height: 21pt;margin: 0cm 0cm 21pt;text-align: justify;background: white\"><span style=\"font-size: 14pt;font-family: Georgia;color: #1a1a1a\">A decis\u00e3o da Quinta Turma do STJ se deu diante do recurso de um condenado pelos crimes de desacato, resist\u00eancia e roubo. De acordo com o processo, o acusado amea\u00e7ou a v\u00edtima com um vergalh\u00e3o de ferro e desacatou &#8211; com gestos e palavras &#8211; dois policiais militares que o prenderam.<\/span><\/p>\n<p style=\"line-height: 21pt;margin: 0cm 0cm 21pt;text-align: justify;background: white\"><img loading=\"lazy\" decoding=\"async\" class=\"alignnone size-full wp-image-745\" src=\"http:\/\/www.sindenfermeiro.com.br\/wp-content\/uploads\/2016\/12\/15555053_1203708889709768_767478385_n.png\" alt=\"15555053_1203708889709768_767478385_n\" width=\"800\" height=\"800\" \/><\/p>\n","protected":false},"excerpt":{"rendered":"<p>Ontem (15), a quinta Turma do Superior Tribunal de Justi\u00e7a (STJ) decidiu \u2013por unanimidade &#8211; descriminalizar a conduta de desacato a funcion\u00e1rio p\u00fablico em exerc\u00edcio da fun\u00e7\u00e3o. De acordo com o C\u00f3digo Penal, o ato renderia pena de pris\u00e3o de seis meses a dois anos, ou pagamento de multa. Os ministros argumentaram que a tipifica\u00e7\u00e3o [&hellip;]<\/p>\n","protected":false},"author":6,"featured_media":745,"comment_status":"closed","ping_status":"closed","sticky":false,"template":"","format":"standard","meta":{"footnotes":""},"categories":[6,2],"tags":[],"class_list":["post-744","post","type-post","status-publish","format-standard","has-post-thumbnail","hentry","category-noticias","category-teste"],"_links":{"self":[{"href":"https:\/\/sindenfermeiro.com.br\/index.php\/wp-json\/wp\/v2\/posts\/744","targetHints":{"allow":["GET"]}}],"collection":[{"href":"https:\/\/sindenfermeiro.com.br\/index.php\/wp-json\/wp\/v2\/posts"}],"about":[{"href":"https:\/\/sindenfermeiro.com.br\/index.php\/wp-json\/wp\/v2\/types\/post"}],"author":[{"embeddable":true,"href":"https:\/\/sindenfermeiro.com.br\/index.php\/wp-json\/wp\/v2\/users\/6"}],"replies":[{"embeddable":true,"href":"https:\/\/sindenfermeiro.com.br\/index.php\/wp-json\/wp\/v2\/comments?post=744"}],"version-history":[{"count":1,"href":"https:\/\/sindenfermeiro.com.br\/index.php\/wp-json\/wp\/v2\/posts\/744\/revisions"}],"predecessor-version":[{"id":29416,"href":"https:\/\/sindenfermeiro.com.br\/index.php\/wp-json\/wp\/v2\/posts\/744\/revisions\/29416"}],"wp:featuredmedia":[{"embeddable":true,"href":"https:\/\/sindenfermeiro.com.br\/index.php\/wp-json\/"}],"wp:attachment":[{"href":"https:\/\/sindenfermeiro.com.br\/index.php\/wp-json\/wp\/v2\/media?parent=744"}],"wp:term":[{"taxonomy":"category","embeddable":true,"href":"https:\/\/sindenfermeiro.com.br\/index.php\/wp-json\/wp\/v2\/categories?post=744"},{"taxonomy":"post_tag","embeddable":true,"href":"https:\/\/sindenfermeiro.com.br\/index.php\/wp-json\/wp\/v2\/tags?post=744"}],"curies":[{"name":"wp","href":"https:\/\/api.w.org\/{rel}","templated":true}]}}