{"id":739,"date":"2016-12-16T15:08:28","date_gmt":"2016-12-16T15:08:28","guid":{"rendered":"http:\/\/www.sindenfermeiro.com.br\/?p=739"},"modified":"2026-04-29T07:04:11","modified_gmt":"2026-04-29T10:04:11","slug":"categorias-se-mobilizam-e-camara-legislativa-nao-vota-projeto-que-admite-organizacoes-sociais-no-df","status":"publish","type":"post","link":"https:\/\/sindenfermeiro.com.br\/index.php\/2016\/12\/16\/categorias-se-mobilizam-e-camara-legislativa-nao-vota-projeto-que-admite-organizacoes-sociais-no-df\/","title":{"rendered":"Categorias se mobilizam e C\u00e2mara Legislativa n\u00e3o vota projeto que admite Organiza\u00e7\u00f5es Sociais no DF"},"content":{"rendered":"<p style=\"text-align: justify\"><span style=\"font-size: 14pt\"><em><strong>Luta contra a privatiza\u00e7\u00e3o da sa\u00fade\u00a0no Distrito Federal continua em 2017<\/strong><\/em><\/span><\/p>\n<p style=\"text-align: justify\"><span style=\"font-size: 14pt\">No \u00faltimo dia de trabalhos da C\u00e2mara Legislativa (CLDF) em 2016, deputados tentaram pautar o projeto de lei do Executivo que autoriza a contrata\u00e7\u00e3o de organiza\u00e7\u00f5es sociais na \u00e1rea da sa\u00fade (PL n\u00ba 1.186\/2016). Servidores fizeram um esfor\u00e7o conjunto e compareceram \u00e0 C\u00e2mara para colocarem-se contra a mat\u00e9ria. A tentativa de pautar a proposta em plen\u00e1rio urgentemente, foi uma manobra para aprovar o projeto, que ainda tramitava nas comiss\u00f5es de Educa\u00e7\u00e3o, Sa\u00fade e Cultura (CESC); Economia, Or\u00e7amento e Finan\u00e7as (CEOF), e Constitui\u00e7\u00e3o e Justi\u00e7a (CCJ).<\/span><\/p>\n<p style=\"text-align: justify\"><span style=\"font-size: 14pt\">Dayse Amarilio, presidente do sindicato dos enfermeiros, alerta para a continuidade dos esfor\u00e7os contra a aprova\u00e7\u00e3o do projeto em 2017. \u201cCertamente, na primeira movimenta\u00e7\u00e3o da Casa no ano que vem, tentar\u00e3o aprovar a proposta. Temos de estar atentos\u201d, explica Dayse.<\/span><\/p>\n<p style=\"text-align: justify\"><img loading=\"lazy\" decoding=\"async\" class=\"alignnone size-full wp-image-703\" src=\"http:\/\/www.sindenfermeiro.com.br\/wp-content\/uploads\/2016\/12\/SINDICATO.png\" alt=\"SINDICATO\" width=\"800\" height=\"800\" \/><\/p>\n<p style=\"text-align: justify\"><span style=\"font-size: 14pt\"><strong>PELO 43: contra as Organiza\u00e7\u00f5es Sociais no DF<\/strong><\/span><\/p>\n<p style=\"text-align: justify\"><span style=\"font-size: 14pt\">A presidente do SindEnfermeiro tamb\u00e9m chama a aten\u00e7\u00e3o para a mobiliza\u00e7\u00e3o do movimento sindical e da popula\u00e7\u00e3o em torno do Projeto\u00a0de\u00a0Emenda\u00a0\u00e0 Lei Org\u00e2nica do\u00a0DF\u00a0(PELO) n\u00ba 43\/2016, que estabelece a \u201cinadmissibilidade\u201d das Organiza\u00e7\u00f5es Sociais, no Distrito Federal. \u201cAgora, a batalha dos sindicatos \u00e9 mobilizar os deputados e a mesa diretora para votar o PELO 43. Assim estaremos resguardados contra a admiss\u00e3o da OSs e a privatiza\u00e7\u00e3o da sa\u00fade, no DF\u201d, refor\u00e7a Dayse Amarilio.<\/span><\/p>\n<p style=\"text-align: justify\"><span style=\"font-size: 14pt\">O Projeto\u00a0de\u00a0Emenda\u00a0\u00e0 Lei Org\u00e2nica do\u00a0DF\u00a0(PELO) n\u00ba 43\/2016 j\u00e1 foi aprovado nas comiss\u00f5es Economia, Or\u00e7amento e Finan\u00e7as (CEOF), e Constitui\u00e7\u00e3o e Justi\u00e7a (CCJ).<\/span><\/p>\n<div id=\"attachment_742\" style=\"width: 1290px\" class=\"wp-caption alignnone\"><img loading=\"lazy\" decoding=\"async\" aria-describedby=\"caption-attachment-742\" class=\"size-full wp-image-742\" src=\"http:\/\/www.sindenfermeiro.com.br\/wp-content\/uploads\/2016\/12\/WhatsApp-Image-2016-12-15-at-22.14.17.jpeg\" alt=\"Dayse Amarilio (dir.), presidente do SinDenfermeiro, na sess\u00e3o da CLDF\" width=\"1280\" height=\"960\" \/><p id=\"caption-attachment-742\" class=\"wp-caption-text\">Dayse Amarilio (dir.), presidente do SinDenfermeiro, na sess\u00e3o da CLDF<\/p><\/div>\n<p style=\"text-align: justify\"><span style=\"font-size: 14pt\"><strong>Conquistas coletivas<\/strong><\/span><\/p>\n<p style=\"text-align: justify\"><span style=\"font-size: 14pt\">Na sess\u00e3o de ontem foi aprovado Projeto de Decreto Legislativo (PDL 229\/2016) &#8211; de autoria do Wellington Luiz (PMDB) &#8211; contra a portaria do Governo do Distrito Federal (GDF), publicada em 22 de novembro, que estabelece novos crit\u00e9rios a respeito do repasse sindical. A Portaria, assinada pela Secretaria de Planejamento, suspende a possibilidade de entidades sindicais concederem descontos referente \u00e0 consigna\u00e7\u00e3o em folha de pagamento para novos filiados.<\/span><\/p>\n<p style=\"text-align: justify\"><span style=\"font-size: 14pt\">Tamb\u00e9m foi aprovada emenda &#8211; ao Projeto de Lei Or\u00e7ament\u00e1ria Anual (PLoa) de 2017 &#8211; que prev\u00ea a convoca\u00e7\u00e3o de mais de 2 mil concursados da sa\u00fade. De acordo com a emenda, de autoria do deputado Bispo Renato (PR), 650 enfermeiros e 1500 t\u00e9cnicos de enfermagem devem ser convocados a assumirem seus cargos.<\/span><\/p>\n","protected":false},"excerpt":{"rendered":"<p>Luta contra a privatiza\u00e7\u00e3o da sa\u00fade\u00a0no Distrito Federal continua em 2017 No \u00faltimo dia de trabalhos da C\u00e2mara Legislativa (CLDF) em 2016, deputados tentaram pautar o projeto de lei do Executivo que autoriza a contrata\u00e7\u00e3o de organiza\u00e7\u00f5es sociais na \u00e1rea da sa\u00fade (PL n\u00ba 1.186\/2016). Servidores fizeram um esfor\u00e7o conjunto e compareceram \u00e0 C\u00e2mara para [&hellip;]<\/p>\n","protected":false},"author":6,"featured_media":703,"comment_status":"closed","ping_status":"closed","sticky":false,"template":"","format":"standard","meta":{"footnotes":""},"categories":[6,2],"tags":[],"class_list":["post-739","post","type-post","status-publish","format-standard","has-post-thumbnail","hentry","category-noticias","category-teste"],"_links":{"self":[{"href":"https:\/\/sindenfermeiro.com.br\/index.php\/wp-json\/wp\/v2\/posts\/739","targetHints":{"allow":["GET"]}}],"collection":[{"href":"https:\/\/sindenfermeiro.com.br\/index.php\/wp-json\/wp\/v2\/posts"}],"about":[{"href":"https:\/\/sindenfermeiro.com.br\/index.php\/wp-json\/wp\/v2\/types\/post"}],"author":[{"embeddable":true,"href":"https:\/\/sindenfermeiro.com.br\/index.php\/wp-json\/wp\/v2\/users\/6"}],"replies":[{"embeddable":true,"href":"https:\/\/sindenfermeiro.com.br\/index.php\/wp-json\/wp\/v2\/comments?post=739"}],"version-history":[{"count":1,"href":"https:\/\/sindenfermeiro.com.br\/index.php\/wp-json\/wp\/v2\/posts\/739\/revisions"}],"predecessor-version":[{"id":33006,"href":"https:\/\/sindenfermeiro.com.br\/index.php\/wp-json\/wp\/v2\/posts\/739\/revisions\/33006"}],"wp:featuredmedia":[{"embeddable":true,"href":"https:\/\/sindenfermeiro.com.br\/index.php\/wp-json\/"}],"wp:attachment":[{"href":"https:\/\/sindenfermeiro.com.br\/index.php\/wp-json\/wp\/v2\/media?parent=739"}],"wp:term":[{"taxonomy":"category","embeddable":true,"href":"https:\/\/sindenfermeiro.com.br\/index.php\/wp-json\/wp\/v2\/categories?post=739"},{"taxonomy":"post_tag","embeddable":true,"href":"https:\/\/sindenfermeiro.com.br\/index.php\/wp-json\/wp\/v2\/tags?post=739"}],"curies":[{"name":"wp","href":"https:\/\/api.w.org\/{rel}","templated":true}]}}