{"id":7306,"date":"2019-05-20T14:19:02","date_gmt":"2019-05-20T14:19:02","guid":{"rendered":"http:\/\/www.sindenfermeiro.com.br\/?p=7306"},"modified":"2026-04-26T16:43:16","modified_gmt":"2026-04-26T19:43:16","slug":"lancamento-do-livro-jorge-vianna-de-borracheiro-a-deputado-distrital-samuzeiro","status":"publish","type":"post","link":"https:\/\/sindenfermeiro.com.br\/index.php\/2019\/05\/20\/lancamento-do-livro-jorge-vianna-de-borracheiro-a-deputado-distrital-samuzeiro\/","title":{"rendered":"Lan\u00e7amento do livro: Jorge Vianna \u2013 de Borracheiro a Deputado Distrital Samuzeiro"},"content":{"rendered":"<p style=\"font-weight: 400\"><img loading=\"lazy\" decoding=\"async\" class=\"alignnone size-medium wp-image-7307\" src=\"http:\/\/www.sindenfermeiro.com.br\/wp-content\/uploads\/2019\/05\/WhatsApp-Image-2019-05-16-at-13.04.37-2-900x594.jpeg\" alt=\"\" width=\"900\" height=\"594\" \/>A enfermeira e escritora On\u00e3 Silva ir\u00e1 lan\u00e7ar, nesta segunda (20), o livro-homenagem ao deputado distrital e enfermeiro do SAMU, Jorge Vianna. O evento ser\u00e1 realizado no audit\u00f3rio da C\u00e2mara Legislativa do Distrito Federal (CLDF), \u00e0s 19 horas, durante a Sess\u00e3o Solene em comemora\u00e7\u00e3o \u00e0 Semana da Enfermagem.<\/p>\n<p style=\"font-weight: 400\">Evento: Lan\u00e7amento do livro: Jorge Vianna \u2013 de Borracheiro a Deputado Distrital Samuzeiro<\/p>\n<p style=\"font-weight: 400\">Quando? 20 de maio (segunda-feira)<\/p>\n<p style=\"font-weight: 400\">Onde? Audit\u00f3rio da C\u00e2mara Legislativa do Distrito Federal (CLDF)<\/p>\n<p style=\"font-weight: 400\">Que horas? 19h.<\/p>\n","protected":false},"excerpt":{"rendered":"<p>A enfermeira e escritora On\u00e3 Silva ir\u00e1 lan\u00e7ar, nesta segunda (20), o livro-homenagem ao deputado distrital e enfermeiro do SAMU, Jorge Vianna. O evento ser\u00e1 realizado no audit\u00f3rio da C\u00e2mara Legislativa do Distrito Federal (CLDF), \u00e0s 19 horas, durante a Sess\u00e3o Solene em comemora\u00e7\u00e3o \u00e0 Semana da Enfermagem. Evento: Lan\u00e7amento do livro: Jorge Vianna \u2013 [&hellip;]<\/p>\n","protected":false},"author":6,"featured_media":7307,"comment_status":"closed","ping_status":"closed","sticky":false,"template":"","format":"standard","meta":{"footnotes":""},"categories":[6,13,5],"tags":[],"class_list":["post-7306","post","type-post","status-publish","format-standard","has-post-thumbnail","hentry","category-noticias","category-rede-privada","category-rede-publica"],"_links":{"self":[{"href":"https:\/\/sindenfermeiro.com.br\/index.php\/wp-json\/wp\/v2\/posts\/7306","targetHints":{"allow":["GET"]}}],"collection":[{"href":"https:\/\/sindenfermeiro.com.br\/index.php\/wp-json\/wp\/v2\/posts"}],"about":[{"href":"https:\/\/sindenfermeiro.com.br\/index.php\/wp-json\/wp\/v2\/types\/post"}],"author":[{"embeddable":true,"href":"https:\/\/sindenfermeiro.com.br\/index.php\/wp-json\/wp\/v2\/users\/6"}],"replies":[{"embeddable":true,"href":"https:\/\/sindenfermeiro.com.br\/index.php\/wp-json\/wp\/v2\/comments?post=7306"}],"version-history":[{"count":1,"href":"https:\/\/sindenfermeiro.com.br\/index.php\/wp-json\/wp\/v2\/posts\/7306\/revisions"}],"predecessor-version":[{"id":29455,"href":"https:\/\/sindenfermeiro.com.br\/index.php\/wp-json\/wp\/v2\/posts\/7306\/revisions\/29455"}],"wp:featuredmedia":[{"embeddable":true,"href":"https:\/\/sindenfermeiro.com.br\/index.php\/wp-json\/"}],"wp:attachment":[{"href":"https:\/\/sindenfermeiro.com.br\/index.php\/wp-json\/wp\/v2\/media?parent=7306"}],"wp:term":[{"taxonomy":"category","embeddable":true,"href":"https:\/\/sindenfermeiro.com.br\/index.php\/wp-json\/wp\/v2\/categories?post=7306"},{"taxonomy":"post_tag","embeddable":true,"href":"https:\/\/sindenfermeiro.com.br\/index.php\/wp-json\/wp\/v2\/tags?post=7306"}],"curies":[{"name":"wp","href":"https:\/\/api.w.org\/{rel}","templated":true}]}}