{"id":7290,"date":"2019-05-17T16:47:24","date_gmt":"2019-05-17T16:47:24","guid":{"rendered":"http:\/\/www.sindenfermeiro.com.br\/?p=7290"},"modified":"2026-04-26T16:43:10","modified_gmt":"2026-04-26T19:43:10","slug":"forca-tarefa-pela-aposentadoria-especial","status":"publish","type":"post","link":"https:\/\/sindenfermeiro.com.br\/index.php\/2019\/05\/17\/forca-tarefa-pela-aposentadoria-especial\/","title":{"rendered":"For\u00e7a tarefa pela aposentadoria especial"},"content":{"rendered":"<style type=\"text\/css\">\n#foogallery-gallery-7291 .fg-image { width: 640px; }<\/style>\n\t\t\t<div class=\"foogallery foogallery-container foogallery-image-viewer foogallery-link-image foogallery-lightbox-none fg-center fg-image-viewer fg-ready fg-light fg-border-thin fg-shadow-outline fg-loading-default fg-loaded-fade-in fg-caption-hover fg-hover-fade fg-hover-zoom\" id=\"foogallery-gallery-7291\" data-foogallery=\"{&quot;item&quot;:{&quot;showCaptionTitle&quot;:true,&quot;showCaptionDescription&quot;:true},&quot;lazy&quot;:true,&quot;template&quot;:{&quot;loop&quot;:true}}\" style=\"--fg-title-line-clamp: 0; --fg-description-line-clamp: 0;\" >\n\t<div class=\"fiv-inner\">\n\t\t<div class=\"fiv-inner-container\">\n\t\t\t\t\t<\/div>\n\t\t<div class=\"fiv-ctrls\">\n\t\t\t<button type=\"button\" class=\"fiv-prev\" title=\"Prev\"><span>Prev<\/span><\/button>\n\t\t\t<label class=\"fiv-count\"><span class=\"fiv-count-current\">1<\/span>of<span class=\"fiv-count-total\">7<\/span><\/label>\n\t\t\t<button type=\"button\" class=\"fiv-next\" title=\"Next\"><span>Next<\/span><\/button>\n\t\t<\/div>\n\t<\/div>\n<\/div>\n<p>O Sindicato dos Enfermeiros do Distrito Federal (SindEnfermeiro) apoiou a a\u00e7\u00e3o realizada pelo Conselho Federal de Enfermagem (COFEN), Conselho Regional de Enfermagem (COREN) e v\u00e1rios parceiros da enfermagem, com destaque ao enfermeiro Adriano Ara\u00fajo, que formaram uma verdadeira for\u00e7a tarefa para coletar a assinatura de deputados federais para que seja apresentada uma emenda ao Projeto da Reforma Trabalhista, que garanta a aposentadoria especial para a enfermagem.<\/p>\n<p>Adriano Ara\u00fajo esteve por dois dias na C\u00e2mara Federal dialogando com os parlamentares e pedindo apoio \u00e0 emenda, uma vez que a aposentadoria especial \u00e9 uma pauta de extrema import\u00e2ncia para a enfermagem brasileira.<\/p>\n<p>At\u00e9 o momento, 190 deputados assinaram o documento, no entanto, s\u00e3o necess\u00e1rias no m\u00ednimo 200 assinaturas. Por isso, pedimos que toda a categoria da enfermagem nos ajude. Envie um email ou ligue no gabinete dos deputados e pe\u00e7a que eles assinem a proposta, para que assim ela seja colocada em pauta no plen\u00e1rio<\/p>\n","protected":false},"excerpt":{"rendered":"<p>O Sindicato dos Enfermeiros do Distrito Federal (SindEnfermeiro) apoiou a a\u00e7\u00e3o realizada pelo Conselho Federal de Enfermagem (COFEN), Conselho Regional de Enfermagem (COREN) e v\u00e1rios parceiros da enfermagem, com destaque ao enfermeiro Adriano Ara\u00fajo, que formaram uma verdadeira for\u00e7a tarefa para coletar a assinatura de deputados federais para que seja apresentada uma emenda ao Projeto [&hellip;]<\/p>\n","protected":false},"author":6,"featured_media":7297,"comment_status":"closed","ping_status":"closed","sticky":false,"template":"","format":"standard","meta":{"footnotes":""},"categories":[6,13,5],"tags":[],"class_list":["post-7290","post","type-post","status-publish","format-standard","has-post-thumbnail","hentry","category-noticias","category-rede-privada","category-rede-publica"],"_links":{"self":[{"href":"https:\/\/sindenfermeiro.com.br\/index.php\/wp-json\/wp\/v2\/posts\/7290","targetHints":{"allow":["GET"]}}],"collection":[{"href":"https:\/\/sindenfermeiro.com.br\/index.php\/wp-json\/wp\/v2\/posts"}],"about":[{"href":"https:\/\/sindenfermeiro.com.br\/index.php\/wp-json\/wp\/v2\/types\/post"}],"author":[{"embeddable":true,"href":"https:\/\/sindenfermeiro.com.br\/index.php\/wp-json\/wp\/v2\/users\/6"}],"replies":[{"embeddable":true,"href":"https:\/\/sindenfermeiro.com.br\/index.php\/wp-json\/wp\/v2\/comments?post=7290"}],"version-history":[{"count":1,"href":"https:\/\/sindenfermeiro.com.br\/index.php\/wp-json\/wp\/v2\/posts\/7290\/revisions"}],"predecessor-version":[{"id":36812,"href":"https:\/\/sindenfermeiro.com.br\/index.php\/wp-json\/wp\/v2\/posts\/7290\/revisions\/36812"}],"wp:featuredmedia":[{"embeddable":true,"href":"https:\/\/sindenfermeiro.com.br\/index.php\/wp-json\/"}],"wp:attachment":[{"href":"https:\/\/sindenfermeiro.com.br\/index.php\/wp-json\/wp\/v2\/media?parent=7290"}],"wp:term":[{"taxonomy":"category","embeddable":true,"href":"https:\/\/sindenfermeiro.com.br\/index.php\/wp-json\/wp\/v2\/categories?post=7290"},{"taxonomy":"post_tag","embeddable":true,"href":"https:\/\/sindenfermeiro.com.br\/index.php\/wp-json\/wp\/v2\/tags?post=7290"}],"curies":[{"name":"wp","href":"https:\/\/api.w.org\/{rel}","templated":true}]}}