{"id":7272,"date":"2019-05-16T17:23:36","date_gmt":"2019-05-16T17:23:36","guid":{"rendered":"http:\/\/www.sindenfermeiro.com.br\/?p=7272"},"modified":"2026-04-26T20:21:48","modified_gmt":"2026-04-26T23:21:48","slug":"sindenfermeiro-participa-de-ato-contra-cortes-na-educacao-publica","status":"publish","type":"post","link":"https:\/\/sindenfermeiro.com.br\/index.php\/2019\/05\/16\/sindenfermeiro-participa-de-ato-contra-cortes-na-educacao-publica\/","title":{"rendered":"SindEnfermeiro participa de ato contra cortes na educa\u00e7\u00e3o p\u00fablica"},"content":{"rendered":"<style type=\"text\/css\">\n#foogallery-gallery-7273 .fg-image { width: 640px; }<\/style>\n\t\t\t<div class=\"foogallery foogallery-container foogallery-image-viewer foogallery-link-image foogallery-lightbox-none fg-center fg-image-viewer fg-ready fg-light fg-border-thin fg-shadow-outline fg-loading-default fg-loaded-fade-in fg-caption-hover fg-hover-fade fg-hover-zoom\" id=\"foogallery-gallery-7273\" data-foogallery=\"{&quot;item&quot;:{&quot;showCaptionTitle&quot;:true,&quot;showCaptionDescription&quot;:true},&quot;lazy&quot;:true,&quot;template&quot;:{&quot;loop&quot;:true}}\" style=\"--fg-title-line-clamp: 0; --fg-description-line-clamp: 0;\" >\n\t<div class=\"fiv-inner\">\n\t\t<div class=\"fiv-inner-container\">\n\t\t\t\t\t<\/div>\n\t\t<div class=\"fiv-ctrls\">\n\t\t\t<button type=\"button\" class=\"fiv-prev\" title=\"Prev\"><span>Prev<\/span><\/button>\n\t\t\t<label class=\"fiv-count\"><span class=\"fiv-count-current\">1<\/span>of<span class=\"fiv-count-total\">13<\/span><\/label>\n\t\t\t<button type=\"button\" class=\"fiv-next\" title=\"Next\"><span>Next<\/span><\/button>\n\t\t<\/div>\n\t<\/div>\n<\/div>\n<p>Na manh\u00e3 da \u00faltima quarta (15), estudantes, servidores p\u00fablicos e professores fizeram um grande protesto em Bras\u00edlia contra os cortes de verbas para a educa\u00e7\u00e3o p\u00fablica, principalmente para os Institutos Federais (IFs) e Universidades. A manifesta\u00e7\u00e3o, que faz parte do dia de Greve Nacional da Educa\u00e7\u00e3o, tamb\u00e9m contou com a participa\u00e7\u00e3o de alunos e professores da educa\u00e7\u00e3o b\u00e1sica do Distrito Federal.<\/p>\n<p>O Sindicato dos Enfermeiros do Distrito Federal (SindEnfermeiro-DF) participou do protesto com a banca do F\u00f3rum Distrital Contra a Reforma da Previd\u00eancia, arrecadando milhares de assinaturas em defesas da aposentadoria dos trabalhadores. Os diretores Jorge Henrique e Adriano Lim\u00edrio estiveram presentes no ato \u2013 onde professores e estudantes de Enfermagem se somaram ao sindicato durante o protesto, levantando a pauta de defesa das aposentadorias, uma das bandeiras de luta no Dia Nacional de Greve da Educa\u00e7\u00e3o.<\/p>\n<p>Segundo informa\u00e7\u00f5es do Sindicato dos Professores do Distrito Federal (SINPRO-DF), a manifesta\u00e7\u00e3o teve a participa\u00e7\u00e3o de 50 mil pessoas. Os manifestantes sa\u00edram do Museu Nacional em dire\u00e7\u00e3o ao Congresso Nacional, onde o Ministro da Educa\u00e7\u00e3o, Abraham Weintraub, seria recebido pelos deputados federais para explicar os cortes na educa\u00e7\u00e3o.<\/p>\n<p>Para Jorge Henrique, diretor do SindEnfermeiro, \u201co dia nacional de luta em defesa da educa\u00e7\u00e3o \u00e9 uma importante iniciativa contra o sucateamento das universidades e institutos federais, pois a educa\u00e7\u00e3o j\u00e1 est\u00e1 sofrendo com a Emenda Constitucional 95, que congela os investimentos na \u00e1rea por 20 anos\u201d. Para Jorge, al\u00e9m da defesa da educa\u00e7\u00e3o e da aposentadoria, os protestos tamb\u00e9m s\u00e3o importantes para a defesa do Sistema \u00danico de Sa\u00fade (SUS), que pode ser o pr\u00f3ximo a sofrer com os cortes de verbas.<\/p>\n<p>O diretor Adriano Lim\u00edrio \u2013 que tamb\u00e9m \u00e9 professor de enfermagem, ressalta a import\u00e2ncia da luta pela defesa da educa\u00e7\u00e3o no Brasil. \u201cAs universidades s\u00e3o institui\u00e7\u00f5es p\u00fablicas que trazem no seu esteio a responsabilidade de empoderar gera\u00e7\u00f5es, em busca da autonomia e da liberdade para contribuir com o crescimento e grandeza da na\u00e7\u00e3o\u201d, afirma.<\/p>\n<p>O ato tamb\u00e9m foi um momento de preparar os trabalhadores e a juventude para a Greve Geral, convocada pelas centrais sindicais para o dia 14 de junho. O SindEnfermeiro se posiciona de forma contr\u00e1ria aos cortes or\u00e7ament\u00e1rios nas institui\u00e7\u00f5es p\u00fablicas de ensino, levando em considera\u00e7\u00e3o a import\u00e2ncia de uma educa\u00e7\u00e3o p\u00fablica e de qualidade para a redu\u00e7\u00e3o das desigualdades t\u00e3o presentes no Brasil.<\/p>\n","protected":false},"excerpt":{"rendered":"<p>Na manh\u00e3 da \u00faltima quarta (15), estudantes, servidores p\u00fablicos e professores fizeram um grande protesto em Bras\u00edlia contra os cortes de verbas para a educa\u00e7\u00e3o p\u00fablica, principalmente para os Institutos Federais (IFs) e Universidades. A manifesta\u00e7\u00e3o, que faz parte do dia de Greve Nacional da Educa\u00e7\u00e3o, tamb\u00e9m contou com a participa\u00e7\u00e3o de alunos e professores [&hellip;]<\/p>\n","protected":false},"author":6,"featured_media":7282,"comment_status":"closed","ping_status":"closed","sticky":false,"template":"","format":"standard","meta":{"footnotes":""},"categories":[6,5],"tags":[254,255,7,253,47,43,21,44],"class_list":["post-7272","post","type-post","status-publish","format-standard","has-post-thumbnail","hentry","category-noticias","category-rede-publica","tag-cortes","tag-educacao","tag-enfermagem","tag-greve-da-educacao","tag-rede-publica","tag-saude","tag-sindenfermeiro","tag-sindenfermeiro-df"],"_links":{"self":[{"href":"https:\/\/sindenfermeiro.com.br\/index.php\/wp-json\/wp\/v2\/posts\/7272","targetHints":{"allow":["GET"]}}],"collection":[{"href":"https:\/\/sindenfermeiro.com.br\/index.php\/wp-json\/wp\/v2\/posts"}],"about":[{"href":"https:\/\/sindenfermeiro.com.br\/index.php\/wp-json\/wp\/v2\/types\/post"}],"author":[{"embeddable":true,"href":"https:\/\/sindenfermeiro.com.br\/index.php\/wp-json\/wp\/v2\/users\/6"}],"replies":[{"embeddable":true,"href":"https:\/\/sindenfermeiro.com.br\/index.php\/wp-json\/wp\/v2\/comments?post=7272"}],"version-history":[{"count":1,"href":"https:\/\/sindenfermeiro.com.br\/index.php\/wp-json\/wp\/v2\/posts\/7272\/revisions"}],"predecessor-version":[{"id":29441,"href":"https:\/\/sindenfermeiro.com.br\/index.php\/wp-json\/wp\/v2\/posts\/7272\/revisions\/29441"}],"wp:featuredmedia":[{"embeddable":true,"href":"https:\/\/sindenfermeiro.com.br\/index.php\/wp-json\/"}],"wp:attachment":[{"href":"https:\/\/sindenfermeiro.com.br\/index.php\/wp-json\/wp\/v2\/media?parent=7272"}],"wp:term":[{"taxonomy":"category","embeddable":true,"href":"https:\/\/sindenfermeiro.com.br\/index.php\/wp-json\/wp\/v2\/categories?post=7272"},{"taxonomy":"post_tag","embeddable":true,"href":"https:\/\/sindenfermeiro.com.br\/index.php\/wp-json\/wp\/v2\/tags?post=7272"}],"curies":[{"name":"wp","href":"https:\/\/api.w.org\/{rel}","templated":true}]}}