{"id":7266,"date":"2019-05-15T14:40:35","date_gmt":"2019-05-15T14:40:35","guid":{"rendered":"http:\/\/www.sindenfermeiro.com.br\/?p=7266"},"modified":"2026-04-26T20:23:04","modified_gmt":"2026-04-26T23:23:04","slug":"fiscaliza-sindenfermeiro-hospital-regional-da-ceilandia","status":"publish","type":"post","link":"https:\/\/sindenfermeiro.com.br\/index.php\/2019\/05\/15\/fiscaliza-sindenfermeiro-hospital-regional-da-ceilandia\/","title":{"rendered":"Fiscaliza SindEnfermeiro &#8211; Hospital Regional da Ceil\u00e2ndia"},"content":{"rendered":"<style type=\"text\/css\">\n#foogallery-gallery-7267 .fg-image { width: 640px; }<\/style>\n\t\t\t<div class=\"foogallery foogallery-container foogallery-image-viewer foogallery-link-image foogallery-lightbox-none fg-center fg-image-viewer fg-ready fg-light fg-border-thin fg-shadow-outline fg-loading-default fg-loaded-fade-in fg-caption-hover fg-hover-fade fg-hover-zoom\" id=\"foogallery-gallery-7267\" data-foogallery=\"{&quot;item&quot;:{&quot;showCaptionTitle&quot;:true,&quot;showCaptionDescription&quot;:true},&quot;lazy&quot;:true,&quot;template&quot;:{&quot;loop&quot;:true}}\" style=\"--fg-title-line-clamp: 0; --fg-description-line-clamp: 0;\" >\n\t<div class=\"fiv-inner\">\n\t\t<div class=\"fiv-inner-container\">\n\t\t\t\t\t<\/div>\n\t\t<div class=\"fiv-ctrls\">\n\t\t\t<button type=\"button\" class=\"fiv-prev\" title=\"Prev\"><span>Prev<\/span><\/button>\n\t\t\t<label class=\"fiv-count\"><span class=\"fiv-count-current\">1<\/span>of<span class=\"fiv-count-total\">31<\/span><\/label>\n\t\t\t<button type=\"button\" class=\"fiv-next\" title=\"Next\"><span>Next<\/span><\/button>\n\t\t<\/div>\n\t<\/div>\n<\/div>\n<p>Mesmo durante a Semana Brasileira de Enfermagem, o Fiscaliza SindEnfermeiro continua atuando, e dando seguimento \u00e0 essas a\u00e7\u00f5es, o Sindicato dos Enfermeiros do Distrito Federal (SindEnfermeiro-DF) esteve na tarde da \u00faltima ter\u00e7a (14) fiscalizando as condi\u00e7\u00f5es de atendimento \u00e0 popula\u00e7\u00e3o no Hospital Regional da Ceil\u00e2ndia.<\/p>\n<p>Al\u00e9m das condi\u00e7\u00f5es de atendimento, o SindEnfermeiro verificou a situa\u00e7\u00e3o de trabalho dos profissionais de sa\u00fade e os problemas que a institui\u00e7\u00e3o apresenta, a inten\u00e7\u00e3o \u00e9 garantir um atendimento de qualidade aos usu\u00e1rios e apontar solu\u00e7\u00f5es conjuntas para resolver os problemas no hospital.<\/p>\n<p>Com essa visita, o SindEnfermeiro busca chamar a aten\u00e7\u00e3o da Secretaria de Sa\u00fade e dos \u00f3rg\u00e3os de controle para a melhoria na qualidade de assist\u00eancia \u00e0 popula\u00e7\u00e3o e nas condi\u00e7\u00f5es de trabalho dos enfermeiros, que est\u00e3o sobrecarregados e adoecendo.<\/p>\n","protected":false},"excerpt":{"rendered":"<p>Mesmo durante a Semana Brasileira de Enfermagem, o Fiscaliza SindEnfermeiro continua atuando, e dando seguimento \u00e0 essas a\u00e7\u00f5es, o Sindicato dos Enfermeiros do Distrito Federal (SindEnfermeiro-DF) esteve na tarde da \u00faltima ter\u00e7a (14) fiscalizando as condi\u00e7\u00f5es de atendimento \u00e0 popula\u00e7\u00e3o no Hospital Regional da Ceil\u00e2ndia. Al\u00e9m das condi\u00e7\u00f5es de atendimento, o SindEnfermeiro verificou a situa\u00e7\u00e3o [&hellip;]<\/p>\n","protected":false},"author":6,"featured_media":7271,"comment_status":"closed","ping_status":"closed","sticky":false,"template":"","format":"standard","meta":{"footnotes":""},"categories":[6,5],"tags":[7,99,109,89],"class_list":["post-7266","post","type-post","status-publish","format-standard","has-post-thumbnail","hentry","category-noticias","category-rede-publica","tag-enfermagem","tag-enfermagem-df","tag-fiscaliza-sindenfermeiro","tag-hrc"],"_links":{"self":[{"href":"https:\/\/sindenfermeiro.com.br\/index.php\/wp-json\/wp\/v2\/posts\/7266","targetHints":{"allow":["GET"]}}],"collection":[{"href":"https:\/\/sindenfermeiro.com.br\/index.php\/wp-json\/wp\/v2\/posts"}],"about":[{"href":"https:\/\/sindenfermeiro.com.br\/index.php\/wp-json\/wp\/v2\/types\/post"}],"author":[{"embeddable":true,"href":"https:\/\/sindenfermeiro.com.br\/index.php\/wp-json\/wp\/v2\/users\/6"}],"replies":[{"embeddable":true,"href":"https:\/\/sindenfermeiro.com.br\/index.php\/wp-json\/wp\/v2\/comments?post=7266"}],"version-history":[{"count":1,"href":"https:\/\/sindenfermeiro.com.br\/index.php\/wp-json\/wp\/v2\/posts\/7266\/revisions"}],"predecessor-version":[{"id":18189,"href":"https:\/\/sindenfermeiro.com.br\/index.php\/wp-json\/wp\/v2\/posts\/7266\/revisions\/18189"}],"wp:featuredmedia":[{"embeddable":true,"href":"https:\/\/sindenfermeiro.com.br\/index.php\/wp-json\/"}],"wp:attachment":[{"href":"https:\/\/sindenfermeiro.com.br\/index.php\/wp-json\/wp\/v2\/media?parent=7266"}],"wp:term":[{"taxonomy":"category","embeddable":true,"href":"https:\/\/sindenfermeiro.com.br\/index.php\/wp-json\/wp\/v2\/categories?post=7266"},{"taxonomy":"post_tag","embeddable":true,"href":"https:\/\/sindenfermeiro.com.br\/index.php\/wp-json\/wp\/v2\/tags?post=7266"}],"curies":[{"name":"wp","href":"https:\/\/api.w.org\/{rel}","templated":true}]}}