{"id":7174,"date":"2019-05-14T17:03:53","date_gmt":"2019-05-14T17:03:53","guid":{"rendered":"http:\/\/www.sindenfermeiro.com.br\/?p=7174"},"modified":"2026-04-26T16:44:08","modified_gmt":"2026-04-26T19:44:08","slug":"sindenfermeiro-organiza-1o-seminario-sobre-saude-do-trabalhador","status":"publish","type":"post","link":"https:\/\/sindenfermeiro.com.br\/index.php\/2019\/05\/14\/sindenfermeiro-organiza-1o-seminario-sobre-saude-do-trabalhador\/","title":{"rendered":"SindEnfermeiro organiza 1\u00ba Semin\u00e1rio sobre Sa\u00fade do Trabalhador"},"content":{"rendered":"<style type=\"text\/css\">\n#foogallery-gallery-7177 .fg-image { width: 640px; }<\/style>\n\t\t\t<div class=\"foogallery foogallery-container foogallery-image-viewer foogallery-link-image foogallery-lightbox-none fg-center fg-image-viewer fg-ready fg-light fg-border-thin fg-shadow-outline fg-loading-default fg-loaded-fade-in fg-caption-hover fg-hover-fade fg-hover-zoom\" id=\"foogallery-gallery-7177\" data-foogallery=\"{&quot;item&quot;:{&quot;showCaptionTitle&quot;:true,&quot;showCaptionDescription&quot;:true},&quot;lazy&quot;:true,&quot;template&quot;:{&quot;loop&quot;:true}}\" style=\"--fg-title-line-clamp: 0; --fg-description-line-clamp: 0;\" >\n\t<div class=\"fiv-inner\">\n\t\t<div class=\"fiv-inner-container\">\n\t\t\t\t\t<\/div>\n\t\t<div class=\"fiv-ctrls\">\n\t\t\t<button type=\"button\" class=\"fiv-prev\" title=\"Prev\"><span>Prev<\/span><\/button>\n\t\t\t<label class=\"fiv-count\"><span class=\"fiv-count-current\">1<\/span>of<span class=\"fiv-count-total\">34<\/span><\/label>\n\t\t\t<button type=\"button\" class=\"fiv-next\" title=\"Next\"><span>Next<\/span><\/button>\n\t\t<\/div>\n\t<\/div>\n<\/div>\n<p style=\"text-align: justify\">O Sindicato dos Enfermeiros do Distrito Federal (SindEnfermeiro-DF) realizou na \u00faltima segunda (13), o 1\u00ba Semin\u00e1rio sobre Sa\u00fade do Trabalhador. A inten\u00e7\u00e3o do evento foi compreender a enfermagem como pr\u00e1tica social e suas consequ\u00eancias para as rela\u00e7\u00f5es de trabalho e sa\u00fade. O semin\u00e1rio aconteceu no audit\u00f3rio da Sede Nacional da Associa\u00e7\u00e3o Brasileira de Enfermagem (ABEn) e contou com a presen\u00e7a de enfermeiros, professores e estudantes de enfermagem. Al\u00e9m disso, o evento fez parte da 80\u00aa Semana Brasileira de Enfermagem.<\/p>\n<p style=\"text-align: justify\">Estiveram presentes representantes do Conselho Regional de Enfermagem do Distrito Federal (COREN-DF), do Minist\u00e9rio P\u00fablico do Trabalho (MPT), da Diretoria de Enfermagem da Secretaria de Sa\u00fade do Distrito Federal, do Comit\u00ea Estudantil da ABEn\/DF (COEST), do Centro de Refer\u00eancia em Sa\u00fade do Trabalhador (CEREST), al\u00e9m dos diretores do SindEnfermeiro, Adriano Lim\u00edrio e Tarc\u00edsio Faria, do secret\u00e1rio-geral, Jorge Henrique e da presidente, Dayse Amar\u00edlio.<\/p>\n<p style=\"text-align: justify\">Durante a primeira parte do evento, os convidados expuseram o papel e a fun\u00e7\u00e3o dos \u00f3rg\u00e3os que estavam representando e tamb\u00e9m puderam escutar dos participantes como \u00e9 a realidade dos trabalhadores de enfermagem. Durante a tarde foram levantados aspectos da realidade dos trabalhadores e como eles afetavam a sa\u00fade do trabalhador, al\u00e9m da organiza\u00e7\u00e3o de grupos de trabalho para elaborarem um plano de estrat\u00e9gia que promova a sa\u00fade do trabalhador. O plano de interven\u00e7\u00e3o foi feito em conjunto com os trabalhadores, CEREST, SindEnfermeiro e as demais entidades que participaram do semin\u00e1rio.<\/p>\n","protected":false},"excerpt":{"rendered":"<p>O Sindicato dos Enfermeiros do Distrito Federal (SindEnfermeiro-DF) realizou na \u00faltima segunda (13), o 1\u00ba Semin\u00e1rio sobre Sa\u00fade do Trabalhador. A inten\u00e7\u00e3o do evento foi compreender a enfermagem como pr\u00e1tica social e suas consequ\u00eancias para as rela\u00e7\u00f5es de trabalho e sa\u00fade. O semin\u00e1rio aconteceu no audit\u00f3rio da Sede Nacional da Associa\u00e7\u00e3o Brasileira de Enfermagem (ABEn) [&hellip;]<\/p>\n","protected":false},"author":6,"featured_media":7213,"comment_status":"closed","ping_status":"closed","sticky":false,"template":"","format":"standard","meta":{"footnotes":""},"categories":[6,13,5],"tags":[],"class_list":["post-7174","post","type-post","status-publish","format-standard","has-post-thumbnail","hentry","category-noticias","category-rede-privada","category-rede-publica"],"_links":{"self":[{"href":"https:\/\/sindenfermeiro.com.br\/index.php\/wp-json\/wp\/v2\/posts\/7174","targetHints":{"allow":["GET"]}}],"collection":[{"href":"https:\/\/sindenfermeiro.com.br\/index.php\/wp-json\/wp\/v2\/posts"}],"about":[{"href":"https:\/\/sindenfermeiro.com.br\/index.php\/wp-json\/wp\/v2\/types\/post"}],"author":[{"embeddable":true,"href":"https:\/\/sindenfermeiro.com.br\/index.php\/wp-json\/wp\/v2\/users\/6"}],"replies":[{"embeddable":true,"href":"https:\/\/sindenfermeiro.com.br\/index.php\/wp-json\/wp\/v2\/comments?post=7174"}],"version-history":[{"count":1,"href":"https:\/\/sindenfermeiro.com.br\/index.php\/wp-json\/wp\/v2\/posts\/7174\/revisions"}],"predecessor-version":[{"id":36994,"href":"https:\/\/sindenfermeiro.com.br\/index.php\/wp-json\/wp\/v2\/posts\/7174\/revisions\/36994"}],"wp:featuredmedia":[{"embeddable":true,"href":"https:\/\/sindenfermeiro.com.br\/index.php\/wp-json\/"}],"wp:attachment":[{"href":"https:\/\/sindenfermeiro.com.br\/index.php\/wp-json\/wp\/v2\/media?parent=7174"}],"wp:term":[{"taxonomy":"category","embeddable":true,"href":"https:\/\/sindenfermeiro.com.br\/index.php\/wp-json\/wp\/v2\/categories?post=7174"},{"taxonomy":"post_tag","embeddable":true,"href":"https:\/\/sindenfermeiro.com.br\/index.php\/wp-json\/wp\/v2\/tags?post=7174"}],"curies":[{"name":"wp","href":"https:\/\/api.w.org\/{rel}","templated":true}]}}