{"id":7170,"date":"2019-05-14T13:17:14","date_gmt":"2019-05-14T13:17:14","guid":{"rendered":"http:\/\/www.sindenfermeiro.com.br\/?p=7170"},"modified":"2026-04-26T16:41:58","modified_gmt":"2026-04-26T19:41:58","slug":"nota-de-apoio-a-greve-nacional-da-educacao","status":"publish","type":"post","link":"https:\/\/sindenfermeiro.com.br\/index.php\/2019\/05\/14\/nota-de-apoio-a-greve-nacional-da-educacao\/","title":{"rendered":"Nota de apoio \u00e0 Greve Nacional da Educa\u00e7\u00e3o"},"content":{"rendered":"<p>No in\u00edcio de maio, o Ministro da Educa\u00e7\u00e3o Abraham Weintraub anunciou o corte de recursos em todas as \u00e1reas da educa\u00e7\u00e3o p\u00fablica federal. Os cortes atingem a educa\u00e7\u00e3o b\u00e1sica, as universidades e os institutos federais, chegando a Totalizar R$ 5,7 bilh\u00f5es.<\/p>\n<p style=\"text-align: justify\">O Sindenfermeiro entende que os cortes na Educa\u00e7\u00e3o prejudicam as pol\u00edticas de fomento ao ensino e \u00e0 pesquisa no Brasil, al\u00e9m de dificultarem o acesso da popula\u00e7\u00e3o ao ensino p\u00fablico e gratuito.<\/p>\n<p style=\"text-align: justify\">Diante desses fatos, o sindicato apoia a Greve Nacional da Educa\u00e7\u00e3o e convoca todos os profissionais da Enfermagem a participarem do Ato p\u00fablico na esplanada dos minist\u00e9rios, com concentra\u00e7\u00e3o \u00e0s 10 horas, no dia 15 de maio, em frente ao Museu Nacional.<\/p>\n<p style=\"text-align: justify\">A Greve Nacional da Educa\u00e7\u00e3o em 15 de maio tamb\u00e9m tem como pauta a luta contra a proposta de Reforma da Previd\u00eancia do Governo Bolsonaro, que prejudica os trabalhadores de todo o pa\u00eds.<\/p>\n<p style=\"text-align: justify\">Defender a educa\u00e7\u00e3o p\u00fablica significa lutar por mais investimentos em pol\u00edticas sociais, incluindo mais investimentos no SUS, que est\u00e1 sofrendo com o congelamento de investimentos impostos pela EC 95.<\/p>\n","protected":false},"excerpt":{"rendered":"<p>No in\u00edcio de maio, o Ministro da Educa\u00e7\u00e3o Abraham Weintraub anunciou o corte de recursos em todas as \u00e1reas da educa\u00e7\u00e3o p\u00fablica federal. Os cortes atingem a educa\u00e7\u00e3o b\u00e1sica, as universidades e os institutos federais, chegando a Totalizar R$ 5,7 bilh\u00f5es. O Sindenfermeiro entende que os cortes na Educa\u00e7\u00e3o prejudicam as pol\u00edticas de fomento ao [&hellip;]<\/p>\n","protected":false},"author":6,"featured_media":7171,"comment_status":"closed","ping_status":"closed","sticky":false,"template":"","format":"standard","meta":{"footnotes":""},"categories":[6,13,5],"tags":[7,253,21],"class_list":["post-7170","post","type-post","status-publish","format-standard","has-post-thumbnail","hentry","category-noticias","category-rede-privada","category-rede-publica","tag-enfermagem","tag-greve-da-educacao","tag-sindenfermeiro"],"_links":{"self":[{"href":"https:\/\/sindenfermeiro.com.br\/index.php\/wp-json\/wp\/v2\/posts\/7170","targetHints":{"allow":["GET"]}}],"collection":[{"href":"https:\/\/sindenfermeiro.com.br\/index.php\/wp-json\/wp\/v2\/posts"}],"about":[{"href":"https:\/\/sindenfermeiro.com.br\/index.php\/wp-json\/wp\/v2\/types\/post"}],"author":[{"embeddable":true,"href":"https:\/\/sindenfermeiro.com.br\/index.php\/wp-json\/wp\/v2\/users\/6"}],"replies":[{"embeddable":true,"href":"https:\/\/sindenfermeiro.com.br\/index.php\/wp-json\/wp\/v2\/comments?post=7170"}],"version-history":[{"count":1,"href":"https:\/\/sindenfermeiro.com.br\/index.php\/wp-json\/wp\/v2\/posts\/7170\/revisions"}],"predecessor-version":[{"id":36793,"href":"https:\/\/sindenfermeiro.com.br\/index.php\/wp-json\/wp\/v2\/posts\/7170\/revisions\/36793"}],"wp:featuredmedia":[{"embeddable":true,"href":"https:\/\/sindenfermeiro.com.br\/index.php\/wp-json\/"}],"wp:attachment":[{"href":"https:\/\/sindenfermeiro.com.br\/index.php\/wp-json\/wp\/v2\/media?parent=7170"}],"wp:term":[{"taxonomy":"category","embeddable":true,"href":"https:\/\/sindenfermeiro.com.br\/index.php\/wp-json\/wp\/v2\/categories?post=7170"},{"taxonomy":"post_tag","embeddable":true,"href":"https:\/\/sindenfermeiro.com.br\/index.php\/wp-json\/wp\/v2\/tags?post=7170"}],"curies":[{"name":"wp","href":"https:\/\/api.w.org\/{rel}","templated":true}]}}