{"id":7155,"date":"2019-05-10T14:13:10","date_gmt":"2019-05-10T14:13:10","guid":{"rendered":"http:\/\/www.sindenfermeiro.com.br\/?p=7155"},"modified":"2026-04-26T16:43:53","modified_gmt":"2026-04-26T19:43:53","slug":"atencao-enfermeiros-do-ihbdf-assembleia-geral-com-os-enfermeiros-do-institutos","status":"publish","type":"post","link":"https:\/\/sindenfermeiro.com.br\/index.php\/2019\/05\/10\/atencao-enfermeiros-do-ihbdf-assembleia-geral-com-os-enfermeiros-do-institutos\/","title":{"rendered":"Aten\u00e7\u00e3o enfermeiros do IHBDF &#8211; Assembleia Geral com os enfermeiros do institutos"},"content":{"rendered":"<p>&nbsp;<\/p>\n<p>O Sindicato dos Enfermeiros do Distrito Federal (SindEnfermeiro-DF) participou no \u00faltimo dia 02 de maio, de uma reuni\u00e3o com a diretoria do Instituto Hospital de Base do Distrito Federal (IHBDF). O encontro teve como objetivo a realiza\u00e7\u00e3o de tratativas inicias para a formaliza\u00e7\u00e3o de um Acordo Coletivo de Trabalho que abarque as reivindica\u00e7\u00f5es dos enfermeiros da institui\u00e7\u00e3o. A cria\u00e7\u00e3o do novo modelo de gest\u00e3o permitiu a admiss\u00e3o de profissionais pelo regime da Consolida\u00e7\u00e3o das Leis de Trabalho (CLT), criando uma realidade na qual funcion\u00e1rios que desempenham as mesmas fun\u00e7\u00f5es est\u00e3o separados por remunera\u00e7\u00f5es distintas.<\/p>\n<p>Segundo acordado, o SindEnfermeiro se comprometeu em levar as reivindica\u00e7\u00f5es espec\u00edficas da categoria, para que a dire\u00e7\u00e3o do hospital avalie e promova a formaliza\u00e7\u00e3o do acordo.Uma das reclama\u00e7\u00f5es de representantes dos profissionais lotados no Instituto Hospital de Base \u00e9 de que h\u00e1 um conflito por conta dos dois regimes \u2013 celetistas e estatut\u00e1rios. H\u00e1 regras diferentes para os empregados que dividem o mesmo espa\u00e7o e, \u00e0s vezes, tratam o mesmo paciente.<\/p>\n<p>Diante disso, o sindicato convoca todos os enfermeiros que trabalham no Instituto Hospital de Base para participar da Assembleia Geral que acontecer\u00e1 no dia 03 de junho, a partir das 09 da manh\u00e3, na sede do SindEnfermeiro e tratar\u00e1 das reivindica\u00e7\u00f5es da categoria que ser\u00e3o apresentadas \u00e0 diretoria do IHBDF. Os enfermeiros que desejarem mais informa\u00e7\u00f5es podem procurar o departamento jur\u00eddico do sindicato por meio do telefone: 99277-3825 ou do e-mail:\u00a0<a href=\"mailto:juridico@sindenfermeiro.com.br\">juridico@sindenfermeiro.com.br<\/a>.<\/p>\n<p>O SindEfermeiro est\u00e1 sempre alerta e em busca de melhorias para a nossa categoria!<\/p>\n","protected":false},"excerpt":{"rendered":"<p>&nbsp; O Sindicato dos Enfermeiros do Distrito Federal (SindEnfermeiro-DF) participou no \u00faltimo dia 02 de maio, de uma reuni\u00e3o com a diretoria do Instituto Hospital de Base do Distrito Federal (IHBDF). O encontro teve como objetivo a realiza\u00e7\u00e3o de tratativas inicias para a formaliza\u00e7\u00e3o de um Acordo Coletivo de Trabalho que abarque as reivindica\u00e7\u00f5es dos [&hellip;]<\/p>\n","protected":false},"author":6,"featured_media":7158,"comment_status":"closed","ping_status":"closed","sticky":false,"template":"","format":"standard","meta":{"footnotes":""},"categories":[6,13,5],"tags":[7,58,252,21],"class_list":["post-7155","post","type-post","status-publish","format-standard","has-post-thumbnail","hentry","category-noticias","category-rede-privada","category-rede-publica","tag-enfermagem","tag-ihbdf","tag-sedf","tag-sindenfermeiro"],"_links":{"self":[{"href":"https:\/\/sindenfermeiro.com.br\/index.php\/wp-json\/wp\/v2\/posts\/7155","targetHints":{"allow":["GET"]}}],"collection":[{"href":"https:\/\/sindenfermeiro.com.br\/index.php\/wp-json\/wp\/v2\/posts"}],"about":[{"href":"https:\/\/sindenfermeiro.com.br\/index.php\/wp-json\/wp\/v2\/types\/post"}],"author":[{"embeddable":true,"href":"https:\/\/sindenfermeiro.com.br\/index.php\/wp-json\/wp\/v2\/users\/6"}],"replies":[{"embeddable":true,"href":"https:\/\/sindenfermeiro.com.br\/index.php\/wp-json\/wp\/v2\/comments?post=7155"}],"version-history":[{"count":1,"href":"https:\/\/sindenfermeiro.com.br\/index.php\/wp-json\/wp\/v2\/posts\/7155\/revisions"}],"predecessor-version":[{"id":23921,"href":"https:\/\/sindenfermeiro.com.br\/index.php\/wp-json\/wp\/v2\/posts\/7155\/revisions\/23921"}],"wp:featuredmedia":[{"embeddable":true,"href":"https:\/\/sindenfermeiro.com.br\/index.php\/wp-json\/"}],"wp:attachment":[{"href":"https:\/\/sindenfermeiro.com.br\/index.php\/wp-json\/wp\/v2\/media?parent=7155"}],"wp:term":[{"taxonomy":"category","embeddable":true,"href":"https:\/\/sindenfermeiro.com.br\/index.php\/wp-json\/wp\/v2\/categories?post=7155"},{"taxonomy":"post_tag","embeddable":true,"href":"https:\/\/sindenfermeiro.com.br\/index.php\/wp-json\/wp\/v2\/tags?post=7155"}],"curies":[{"name":"wp","href":"https:\/\/api.w.org\/{rel}","templated":true}]}}