{"id":7146,"date":"2019-05-09T12:35:00","date_gmt":"2019-05-09T12:35:00","guid":{"rendered":"http:\/\/www.sindenfermeiro.com.br\/?p=7146"},"modified":"2026-04-26T16:43:16","modified_gmt":"2026-04-26T19:43:16","slug":"nota-de-repudio-despacho-do-ms-orienta-evitar-a-utilizacao-do-termo-violencia-obstetrica-em-documentos-de-politicas-publicas","status":"publish","type":"post","link":"https:\/\/sindenfermeiro.com.br\/index.php\/2019\/05\/09\/nota-de-repudio-despacho-do-ms-orienta-evitar-a-utilizacao-do-termo-violencia-obstetrica-em-documentos-de-politicas-publicas\/","title":{"rendered":"Nota de rep\u00fadio: despacho do MS orienta evitar a utiliza\u00e7\u00e3o do termo \u201cviol\u00eancia obst\u00e9trica\u201d em documentos de pol\u00edticas p\u00fablicas"},"content":{"rendered":"<p>&nbsp;<\/p>\n<p>O Sindicato dos Enfermeiros do Distrito Federal vem por meio desta nota, expressar seu rep\u00fadio ao despacho publicado pelo Minist\u00e9rio da Sa\u00fade (MS) na \u00faltima sexta-feira (03), onde orienta que seja evitado, e possivelmente, abolido o termo \u201cviol\u00eancia obst\u00e9trica\u201d de documentos de pol\u00edticas p\u00fablicas. O termo \u00e9 utilizado para definir casos de viol\u00eancia psicol\u00f3gica ou f\u00edsica praticados contra gestantes na hora do parto.<\/p>\n<p>No documento, o Minist\u00e9rio da Sa\u00fade afirma que o termo viol\u00eancia obst\u00e9trica n\u00e3o \u201cagrega valor e que estrat\u00e9gias t\u00eam sido fortalecidas para a aboli\u00e7\u00e3o de seu uso\u201d e que essa deve ser a orienta\u00e7\u00e3o do minist\u00e9rio quanto ao uso do termo. O despacho do MS chega a afirmar que o termo n\u00e3o condiz com a forma como a Organiza\u00e7\u00e3o Mundial da Sa\u00fade (OMS) se refere a respeito e que uso do termo viol\u00eancia s\u00f3 se justificaria se praticada de forma intencional contra a paciente, visando lhe causar danos f\u00edsicos.<\/p>\n<p>No entanto, o Minist\u00e9rio P\u00fablico Federal (MPF) recomendou ao Minist\u00e9rio da Sa\u00fade que esclare\u00e7a por meio de nota que o termo \u201cviol\u00eancia obst\u00e9trica\u201d \u00e9 uma express\u00e3o j\u00e1 consagrada em documentos cient\u00edficos, legais e empregada comumente pela sociedade civil e que a express\u00e3o pode ser usada por profissionais de sa\u00fade, independentemente de outros termos de prefer\u00eancia do Governo Federal.<\/p>\n<p>Na recomenda\u00e7\u00e3o, o MPF demonstra justamente o oposto \u2013 que a OMS expressamente reconhece a viol\u00eancia f\u00edsica e verbal no parto, em documentos como a \u201cDeclara\u00e7\u00e3o de Preven\u00e7\u00e3o e elimina\u00e7\u00e3o de abusos, desrespeito e maus-tratos durante o parto\u201d, publicada em 2014, do qual cita especificamente um trecho que trata dos tipos de viol\u00eancia a que as mulheres s\u00e3o submetidas na hora do parto: \u201cRelatos sobre desrespeito e abusos durante o parto em institui\u00e7\u00f5es de sa\u00fade incluem viol\u00eancia f\u00edsica, humilha\u00e7\u00e3o profunda e abusos verbais, procedimentos m\u00e9dicos coercivos ou n\u00e3o consentidos (incluindo a esteriliza\u00e7\u00e3o)\u201d.<\/p>\n<p>O MPF deu 15 dias para que o Minist\u00e9rio da Sa\u00fade responda a recomenda\u00e7\u00e3o, sob pena de que sejam adotadas outras medidas legais cab\u00edveis.<\/p>\n<p>O SindEnfermeiro reitera seu rep\u00fadio ao posicionamento do Minist\u00e9rio da Sa\u00fade, tendo em vista que infelizmente a viol\u00eancia obst\u00e9trica \u00e9 uma realidade que muitas mulheres sofrem e proibir a utiliza\u00e7\u00e3o do termo \u00e9 uma forma de cercear o debate sobre o assunto. Al\u00e9m disso, tal atitude da pasta mostra um descumprimento e desrespeito \u00e0s obriga\u00e7\u00f5es do Estado frente \u00e0 Conven\u00e7\u00e3o do Par\u00e1 &#8211; para prevenir, punir e erradicar a viol\u00eancia contra a mulher, assinada em 1994.<\/p>\n","protected":false},"excerpt":{"rendered":"<p>&nbsp; O Sindicato dos Enfermeiros do Distrito Federal vem por meio desta nota, expressar seu rep\u00fadio ao despacho publicado pelo Minist\u00e9rio da Sa\u00fade (MS) na \u00faltima sexta-feira (03), onde orienta que seja evitado, e possivelmente, abolido o termo \u201cviol\u00eancia obst\u00e9trica\u201d de documentos de pol\u00edticas p\u00fablicas. O termo \u00e9 utilizado para definir casos de viol\u00eancia psicol\u00f3gica [&hellip;]<\/p>\n","protected":false},"author":6,"featured_media":7147,"comment_status":"closed","ping_status":"closed","sticky":false,"template":"","format":"standard","meta":{"footnotes":""},"categories":[6,13,5],"tags":[7,166,250,251],"class_list":["post-7146","post","type-post","status-publish","format-standard","has-post-thumbnail","hentry","category-noticias","category-rede-privada","category-rede-publica","tag-enfermagem","tag-enfermagemdf","tag-ministerio-da-saude","tag-nota-de-repudio"],"_links":{"self":[{"href":"https:\/\/sindenfermeiro.com.br\/index.php\/wp-json\/wp\/v2\/posts\/7146","targetHints":{"allow":["GET"]}}],"collection":[{"href":"https:\/\/sindenfermeiro.com.br\/index.php\/wp-json\/wp\/v2\/posts"}],"about":[{"href":"https:\/\/sindenfermeiro.com.br\/index.php\/wp-json\/wp\/v2\/types\/post"}],"author":[{"embeddable":true,"href":"https:\/\/sindenfermeiro.com.br\/index.php\/wp-json\/wp\/v2\/users\/6"}],"replies":[{"embeddable":true,"href":"https:\/\/sindenfermeiro.com.br\/index.php\/wp-json\/wp\/v2\/comments?post=7146"}],"version-history":[{"count":1,"href":"https:\/\/sindenfermeiro.com.br\/index.php\/wp-json\/wp\/v2\/posts\/7146\/revisions"}],"predecessor-version":[{"id":29617,"href":"https:\/\/sindenfermeiro.com.br\/index.php\/wp-json\/wp\/v2\/posts\/7146\/revisions\/29617"}],"wp:featuredmedia":[{"embeddable":true,"href":"https:\/\/sindenfermeiro.com.br\/index.php\/wp-json\/"}],"wp:attachment":[{"href":"https:\/\/sindenfermeiro.com.br\/index.php\/wp-json\/wp\/v2\/media?parent=7146"}],"wp:term":[{"taxonomy":"category","embeddable":true,"href":"https:\/\/sindenfermeiro.com.br\/index.php\/wp-json\/wp\/v2\/categories?post=7146"},{"taxonomy":"post_tag","embeddable":true,"href":"https:\/\/sindenfermeiro.com.br\/index.php\/wp-json\/wp\/v2\/tags?post=7146"}],"curies":[{"name":"wp","href":"https:\/\/api.w.org\/{rel}","templated":true}]}}