{"id":7141,"date":"2019-05-08T14:54:23","date_gmt":"2019-05-08T14:54:23","guid":{"rendered":"http:\/\/www.sindenfermeiro.com.br\/?p=7141"},"modified":"2026-04-26T20:41:21","modified_gmt":"2026-04-26T23:41:21","slug":"sindenfermeiro-vai-ao-hmib-averiguar-denuncia-de-falta-de-luvas","status":"publish","type":"post","link":"https:\/\/sindenfermeiro.com.br\/index.php\/2019\/05\/08\/sindenfermeiro-vai-ao-hmib-averiguar-denuncia-de-falta-de-luvas\/","title":{"rendered":"SindEnfermeiro vai ao HMIB averiguar den\u00fancia de falta de luvas"},"content":{"rendered":"<p>&nbsp;<\/p>\n<p>A presidente do Sindicato dos Enfermeiros do Distrito Federal (SindEnfermeiro-DF), Dayse Amar\u00edlio, esteve na manh\u00e3 desta quarta (08), no Hospital Materno Infantil de Bras\u00edlia (HMIB), para apurar a denuncia sobre a falta de luvas na assist\u00eancia aos rec\u00e9m-nascidos da Unidade de Tratamento Intensivo (UTI) Neonatal.<\/p>\n<p>O SindEnfermeiro entrou em contato com a Subsecretaria de Log\u00edstica em Sa\u00fade (SULOG) da Secretaria de Sa\u00fade (SES) para averiguar e cobrar provid\u00eancias para resolver essa situa\u00e7\u00e3o. De acordo com a SULOG, um novo carregamento de luvas e outros materiais chegaram e ser\u00e3o distribu\u00eddos \u00e0 rede nos pr\u00f3ximos dias.<\/p>\n<p>Segundo informa\u00e7\u00f5es apuradas pela dire\u00e7\u00e3o do SindEnfermeiro, o desabastecimento de luvas se deu porqu\u00ea a empresa respons\u00e1vel pela distribui\u00e7\u00e3o e entrega do material declarou fal\u00eancia, n\u00e3o cumprindo assim o contrato.<\/p>\n<p>O SindEnfermeiro est\u00e1 acompanhando de perto o desabastecimento da rede, al\u00e9m de realizar dilig\u00eancias de forma constante para averiguar e garantir que os enfermeiros e profissionais de enfermagem tenham condi\u00e7\u00f5es de exercer suas atividades. Reiteramos tamb\u00e9m que qualquer tipo de situa\u00e7\u00e3o que prejudique a assist\u00eancia ao usu\u00e1rio ou aos profissionais da enfermagem devem ser denunciada!<\/p>\n","protected":false},"excerpt":{"rendered":"<p>&nbsp; A presidente do Sindicato dos Enfermeiros do Distrito Federal (SindEnfermeiro-DF), Dayse Amar\u00edlio, esteve na manh\u00e3 desta quarta (08), no Hospital Materno Infantil de Bras\u00edlia (HMIB), para apurar a denuncia sobre a falta de luvas na assist\u00eancia aos rec\u00e9m-nascidos da Unidade de Tratamento Intensivo (UTI) Neonatal. O SindEnfermeiro entrou em contato com a Subsecretaria de [&hellip;]<\/p>\n","protected":false},"author":6,"featured_media":7145,"comment_status":"closed","ping_status":"closed","sticky":false,"template":"","format":"standard","meta":{"footnotes":""},"categories":[6,5],"tags":[7,109,248,249],"class_list":["post-7141","post","type-post","status-publish","format-standard","has-post-thumbnail","hentry","category-noticias","category-rede-publica","tag-enfermagem","tag-fiscaliza-sindenfermeiro","tag-hmib","tag-secretarai-de-saude"],"_links":{"self":[{"href":"https:\/\/sindenfermeiro.com.br\/index.php\/wp-json\/wp\/v2\/posts\/7141","targetHints":{"allow":["GET"]}}],"collection":[{"href":"https:\/\/sindenfermeiro.com.br\/index.php\/wp-json\/wp\/v2\/posts"}],"about":[{"href":"https:\/\/sindenfermeiro.com.br\/index.php\/wp-json\/wp\/v2\/types\/post"}],"author":[{"embeddable":true,"href":"https:\/\/sindenfermeiro.com.br\/index.php\/wp-json\/wp\/v2\/users\/6"}],"replies":[{"embeddable":true,"href":"https:\/\/sindenfermeiro.com.br\/index.php\/wp-json\/wp\/v2\/comments?post=7141"}],"version-history":[{"count":1,"href":"https:\/\/sindenfermeiro.com.br\/index.php\/wp-json\/wp\/v2\/posts\/7141\/revisions"}],"predecessor-version":[{"id":36988,"href":"https:\/\/sindenfermeiro.com.br\/index.php\/wp-json\/wp\/v2\/posts\/7141\/revisions\/36988"}],"wp:featuredmedia":[{"embeddable":true,"href":"https:\/\/sindenfermeiro.com.br\/index.php\/wp-json\/"}],"wp:attachment":[{"href":"https:\/\/sindenfermeiro.com.br\/index.php\/wp-json\/wp\/v2\/media?parent=7141"}],"wp:term":[{"taxonomy":"category","embeddable":true,"href":"https:\/\/sindenfermeiro.com.br\/index.php\/wp-json\/wp\/v2\/categories?post=7141"},{"taxonomy":"post_tag","embeddable":true,"href":"https:\/\/sindenfermeiro.com.br\/index.php\/wp-json\/wp\/v2\/tags?post=7141"}],"curies":[{"name":"wp","href":"https:\/\/api.w.org\/{rel}","templated":true}]}}