{"id":7134,"date":"2019-05-06T14:50:05","date_gmt":"2019-05-06T14:50:05","guid":{"rendered":"http:\/\/www.sindenfermeiro.com.br\/?p=7134"},"modified":"2026-04-26T16:44:08","modified_gmt":"2026-04-26T19:44:08","slug":"nota-juridico-portaria-no-272-que-cobra-clareza-e-eficiencia-como-condutas-dos-servidores-da-saude","status":"publish","type":"post","link":"https:\/\/sindenfermeiro.com.br\/index.php\/2019\/05\/06\/nota-juridico-portaria-no-272-que-cobra-clareza-e-eficiencia-como-condutas-dos-servidores-da-saude\/","title":{"rendered":"\u00a0Nota jur\u00eddico &#8211; Portaria n\u00ba 272 , que cobra clareza e efici\u00eancia como condutas dos servidores da sa\u00fade"},"content":{"rendered":"<p><img loading=\"lazy\" decoding=\"async\" class=\"alignnone size-medium wp-image-7135\" src=\"http:\/\/www.sindenfermeiro.com.br\/wp-content\/uploads\/2019\/05\/Nota-Jur\u00eddico-886x900.jpg\" alt=\"\" width=\"886\" height=\"900\" \/><\/p>\n<p>A Secretaria de Sa\u00fade do Distrito Federal, no \u00faltimo dia 17.04.2019, publicou a Portaria n\u00ba 272 que reedita normas de conduta dos servidores p\u00fablicos da \u00e1rea da sa\u00fade no tocante ao atendimento de pacientes.<\/p>\n<p>A referida Portaria refor\u00e7a as normas que j\u00e1 existem na Lei Complementar n\u00ba 840. \u00c9 certo que os servidores p\u00fablicos, n\u00e3o apenas os da \u00e1rea da sa\u00fade, devem tratar a todos com a m\u00e1xima civilidade, respeito e cortesia, contudo, \u00e9 imprescind\u00edvel destacar que esse zelo deve ser rec\u00edproco. Al\u00e9m disso, a qualidade do atendimento aos pacientes depende, dentre outros aspectos, de melhoras nas condi\u00e7\u00f5es de trabalho do servidor, que muitas vezes, se submete \u00e0 situa\u00e7\u00f5es escassas e prec\u00e1rias, ponto este que extrapola a compet\u00eancia dos enfermeiros e demais servidores da Secretaria de Sa\u00fade.<\/p>\n<p>Neste passo, n\u00e3o custa lembrar que os servidores p\u00fablicos tamb\u00e9m devem ser tratados com respeito, cortesia e gentileza, al\u00e9m de tamb\u00e9m possu\u00edrem direitos resguardados nesse \u00e2mbito, podendo e devendo denunciar, em caso de inj\u00farias, difama\u00e7\u00f5es, cal\u00fanias, desacato, entre outras a\u00e7\u00f5es, podendo o agressor responder na esfera penal com penas cominadas em at\u00e9 2 anos de deten\u00e7\u00e3o ou multa.<\/p>\n<p>O SindEfermeiros est\u00e1 em alerta na busca de proporcionar ao servidor da sa\u00fade uma fonte de satisfa\u00e7\u00e3o do seu trabalho, com reflexos diretos na melhoria da assist\u00eancia em sa\u00fade.<\/p>\n","protected":false},"excerpt":{"rendered":"<p>A Secretaria de Sa\u00fade do Distrito Federal, no \u00faltimo dia 17.04.2019, publicou a Portaria n\u00ba 272 que reedita normas de conduta dos servidores p\u00fablicos da \u00e1rea da sa\u00fade no tocante ao atendimento de pacientes. A referida Portaria refor\u00e7a as normas que j\u00e1 existem na Lei Complementar n\u00ba 840. \u00c9 certo que os servidores p\u00fablicos, n\u00e3o [&hellip;]<\/p>\n","protected":false},"author":6,"featured_media":7135,"comment_status":"closed","ping_status":"closed","sticky":false,"template":"","format":"standard","meta":{"footnotes":""},"categories":[6,13,5],"tags":[54,120,61,247,43],"class_list":["post-7134","post","type-post","status-publish","format-standard","has-post-thumbnail","hentry","category-noticias","category-rede-privada","category-rede-publica","tag-enfermeiros","tag-gdf","tag-juridico","tag-portaria","tag-saude"],"_links":{"self":[{"href":"https:\/\/sindenfermeiro.com.br\/index.php\/wp-json\/wp\/v2\/posts\/7134","targetHints":{"allow":["GET"]}}],"collection":[{"href":"https:\/\/sindenfermeiro.com.br\/index.php\/wp-json\/wp\/v2\/posts"}],"about":[{"href":"https:\/\/sindenfermeiro.com.br\/index.php\/wp-json\/wp\/v2\/types\/post"}],"author":[{"embeddable":true,"href":"https:\/\/sindenfermeiro.com.br\/index.php\/wp-json\/wp\/v2\/users\/6"}],"replies":[{"embeddable":true,"href":"https:\/\/sindenfermeiro.com.br\/index.php\/wp-json\/wp\/v2\/comments?post=7134"}],"version-history":[{"count":1,"href":"https:\/\/sindenfermeiro.com.br\/index.php\/wp-json\/wp\/v2\/posts\/7134\/revisions"}],"predecessor-version":[{"id":36856,"href":"https:\/\/sindenfermeiro.com.br\/index.php\/wp-json\/wp\/v2\/posts\/7134\/revisions\/36856"}],"wp:featuredmedia":[{"embeddable":true,"href":"https:\/\/sindenfermeiro.com.br\/index.php\/wp-json\/"}],"wp:attachment":[{"href":"https:\/\/sindenfermeiro.com.br\/index.php\/wp-json\/wp\/v2\/media?parent=7134"}],"wp:term":[{"taxonomy":"category","embeddable":true,"href":"https:\/\/sindenfermeiro.com.br\/index.php\/wp-json\/wp\/v2\/categories?post=7134"},{"taxonomy":"post_tag","embeddable":true,"href":"https:\/\/sindenfermeiro.com.br\/index.php\/wp-json\/wp\/v2\/tags?post=7134"}],"curies":[{"name":"wp","href":"https:\/\/api.w.org\/{rel}","templated":true}]}}