{"id":7129,"date":"2019-05-02T20:31:13","date_gmt":"2019-05-02T20:31:13","guid":{"rendered":"http:\/\/www.sindenfermeiro.com.br\/?p=7129"},"modified":"2026-05-03T07:10:09","modified_gmt":"2026-05-03T10:10:09","slug":"sindenfermeiro-participa-da-10a-semana-academica-de-enfermagem-da-uniplan","status":"publish","type":"post","link":"https:\/\/sindenfermeiro.com.br\/index.php\/2019\/05\/02\/sindenfermeiro-participa-da-10a-semana-academica-de-enfermagem-da-uniplan\/","title":{"rendered":"SindEnfermeiro participa da 10\u00aa Semana Acad\u00eamica de Enfermagem da UNIPLAN"},"content":{"rendered":"<style type=\"text\/css\">\n#foogallery-gallery-7083 .fg-image { width: 640px; }<\/style>\n\t\t\t<div class=\"foogallery foogallery-container foogallery-image-viewer foogallery-link-image foogallery-lightbox-none fg-center fg-image-viewer fg-ready fg-light fg-border-thin fg-shadow-outline fg-loading-default fg-loaded-fade-in fg-caption-hover fg-hover-fade fg-hover-zoom\" id=\"foogallery-gallery-7083\" data-foogallery=\"{&quot;item&quot;:{&quot;showCaptionTitle&quot;:true,&quot;showCaptionDescription&quot;:true},&quot;lazy&quot;:true,&quot;template&quot;:{&quot;loop&quot;:true}}\" style=\"--fg-title-line-clamp: 0; --fg-description-line-clamp: 0;\" >\n\t<div class=\"fiv-inner\">\n\t\t<div class=\"fiv-inner-container\">\n\t\t\t\t\t<\/div>\n\t\t<div class=\"fiv-ctrls\">\n\t\t\t<button type=\"button\" class=\"fiv-prev\" title=\"Prev\"><span>Prev<\/span><\/button>\n\t\t\t<label class=\"fiv-count\"><span class=\"fiv-count-current\">1<\/span>of<span class=\"fiv-count-total\">45<\/span><\/label>\n\t\t\t<button type=\"button\" class=\"fiv-next\" title=\"Next\"><span>Next<\/span><\/button>\n\t\t<\/div>\n\t<\/div>\n<\/div>\n<p>O Sindicato dos Enfermeiros do Distrito Federal (SindEnfermeiro-DF) participou, na \u00faltima quinta (02), da 10\u00aa Semana Acad\u00eamica de Enfermagem do Centro Universit\u00e1rio Planalto do Distrito Federal (UNIPLAN), em \u00c1guas Claras. O diretor-executivo do sindicato, M\u00e1rcio da Mata, esteve presente na abertura da s\u00e9rie de palestras, e falou sobre os desafios da enfermagem para estabelecer a equidade na assist\u00eancia.<\/p>\n<p>A mesa de debates tamb\u00e9m contou com a presen\u00e7a do deputado distrital Jorge Vianna (PODEMOS-DF), a presidente da Associa\u00e7\u00e3o Brasileira de Enfermagem no DF (ABEn-DF), Rosalina Sudo, al\u00e9m do presidente do Conselho Regional de Enfermagem do Distrito Federal (COREN-DF), Marcos Wesley, e o representante do Conselho Federal de Enfermagem no DF (COFEN), Gilney Guerra.<\/p>\n<p>O diretor-executivo M\u00e1rcio da Mata falou durante a abertura dos trabalhos da mesa, e destacou \u201ca grande preocupa\u00e7\u00e3o em estabelecer um n\u00edvel de qualidade na assist\u00eancia\u201d. Ele apontou, ainda, \u201cas adversidades impostas pelo cen\u00e1rio pol\u00edtico atual, em que o fator predominante \u00e9 o lucro em detrimento da sa\u00fade das pessoas.\u201d<\/p>\n","protected":false},"excerpt":{"rendered":"<p>O Sindicato dos Enfermeiros do Distrito Federal (SindEnfermeiro-DF) participou, na \u00faltima quinta (02), da 10\u00aa Semana Acad\u00eamica de Enfermagem do Centro Universit\u00e1rio Planalto do Distrito Federal (UNIPLAN), em \u00c1guas Claras. O diretor-executivo do sindicato, M\u00e1rcio da Mata, esteve presente na abertura da s\u00e9rie de palestras, e falou sobre os desafios da enfermagem para estabelecer a [&hellip;]<\/p>\n","protected":false},"author":6,"featured_media":7117,"comment_status":"closed","ping_status":"closed","sticky":false,"template":"","format":"standard","meta":{"footnotes":""},"categories":[14,6],"tags":[7,54,244,44,172,245,246],"class_list":["post-7129","post","type-post","status-publish","format-standard","has-post-thumbnail","hentry","category-midia","category-noticias","tag-enfermagem","tag-enfermeiros","tag-semana-academica-de-enfermagem","tag-sindenfermeiro-df","tag-sindicato-dos-enfermeiros-do-distrito-federal","tag-uniplan","tag-universitario"],"_links":{"self":[{"href":"https:\/\/sindenfermeiro.com.br\/index.php\/wp-json\/wp\/v2\/posts\/7129","targetHints":{"allow":["GET"]}}],"collection":[{"href":"https:\/\/sindenfermeiro.com.br\/index.php\/wp-json\/wp\/v2\/posts"}],"about":[{"href":"https:\/\/sindenfermeiro.com.br\/index.php\/wp-json\/wp\/v2\/types\/post"}],"author":[{"embeddable":true,"href":"https:\/\/sindenfermeiro.com.br\/index.php\/wp-json\/wp\/v2\/users\/6"}],"replies":[{"embeddable":true,"href":"https:\/\/sindenfermeiro.com.br\/index.php\/wp-json\/wp\/v2\/comments?post=7129"}],"version-history":[{"count":1,"href":"https:\/\/sindenfermeiro.com.br\/index.php\/wp-json\/wp\/v2\/posts\/7129\/revisions"}],"predecessor-version":[{"id":36778,"href":"https:\/\/sindenfermeiro.com.br\/index.php\/wp-json\/wp\/v2\/posts\/7129\/revisions\/36778"}],"wp:featuredmedia":[{"embeddable":true,"href":"https:\/\/sindenfermeiro.com.br\/index.php\/wp-json\/"}],"wp:attachment":[{"href":"https:\/\/sindenfermeiro.com.br\/index.php\/wp-json\/wp\/v2\/media?parent=7129"}],"wp:term":[{"taxonomy":"category","embeddable":true,"href":"https:\/\/sindenfermeiro.com.br\/index.php\/wp-json\/wp\/v2\/categories?post=7129"},{"taxonomy":"post_tag","embeddable":true,"href":"https:\/\/sindenfermeiro.com.br\/index.php\/wp-json\/wp\/v2\/tags?post=7129"}],"curies":[{"name":"wp","href":"https:\/\/api.w.org\/{rel}","templated":true}]}}