{"id":711,"date":"2016-12-14T18:10:12","date_gmt":"2016-12-14T18:10:12","guid":{"rendered":"http:\/\/www.sindenfermeiro.com.br\/?p=711"},"modified":"2026-04-29T08:21:46","modified_gmt":"2026-04-29T11:21:46","slug":"projeto-que-garante-local-de-repouso-para-enfermeiros-e-aprovado-em-primeiro-turno-na-camara-legislativa","status":"publish","type":"post","link":"https:\/\/sindenfermeiro.com.br\/index.php\/2016\/12\/14\/projeto-que-garante-local-de-repouso-para-enfermeiros-e-aprovado-em-primeiro-turno-na-camara-legislativa\/","title":{"rendered":"Projeto que garante local de repouso para enfermeiros \u00e9 aprovado em primeiro turno na C\u00e2mara Legislativa"},"content":{"rendered":"<p style=\"text-align: justify\"><span style=\"font-size: 14pt\">A C\u00e2mara Legislativa aprovou (em primeiro turno), na \u00faltima ter\u00e7a-feira (13), projeto de lei que garante locais exclusivos para descanso dos profissionais de enfermagem, durante a jornada de trabalho. A proposta \u00e9 de autoria do deputado Chico Vigilante (PT) e\u00a0pode ser votada em segundo turno nesta quarta-feira.<\/span><\/p>\n<p style=\"text-align: justify\"><span style=\"font-size: 14pt\">De acordo com a mat\u00e9ria, institui\u00e7\u00f5es de sa\u00fade \u2013 p\u00fablicas e privadas \u2013 devem oferecer espa\u00e7os arejados, que possuam camas ou beliches, conforto t\u00e9rmico e ac\u00fastico. As instala\u00e7\u00f5es tamb\u00e9m devem conter estrutura sanit\u00e1ria, al\u00e9m de serem adequadas ao n\u00famero de enfermeiros, t\u00e9cnicos e auxiliares de enfermagem em servi\u00e7o.<\/span><\/p>\n<p style=\"text-align: justify\"><img loading=\"lazy\" decoding=\"async\" class=\"alignnone size-full wp-image-713\" src=\"http:\/\/www.sindenfermeiro.com.br\/wp-content\/uploads\/2016\/12\/SINDICATO-1.png\" alt=\"SINDICATO (1)\" width=\"800\" height=\"800\" \/><\/p>\n<p style=\"text-align: justify\"><span style=\"font-size: 14pt\">\u201cSem espa\u00e7o apropriado, muitos profissionais mant\u00eam o plant\u00e3o sem intervalo ou repousam em condi\u00e7\u00f5es prec\u00e1rias, sob os balc\u00f5es de atendimento ou, at\u00e9 mesmo, no ch\u00e3o\u201d, justifica Chico Vigilante.<\/span><\/p>\n<p style=\"text-align: justify\"><span style=\"font-size: 14pt\">O deputado destacou que o projeto foi elaborado com a colabora\u00e7\u00e3o dos profissionais da enfermagem. De acordo com Chico, tamb\u00e9m foram estudadas normas de igual teor, discutidas em outros estados brasileiros.<\/span><\/p>\n<p style=\"text-align: justify\"><span style=\"font-size: 14pt\">As unidades de sa\u00fade ter\u00e3o at\u00e9 180 dias para adequa\u00e7\u00e3o. Em caso de descumprimento, as unidades da rede privada estar\u00e3o sujeitas a multa de mil reais por dia.<\/span><\/p>\n<p style=\"text-align: justify\">\n","protected":false},"excerpt":{"rendered":"<p>A C\u00e2mara Legislativa aprovou (em primeiro turno), na \u00faltima ter\u00e7a-feira (13), projeto de lei que garante locais exclusivos para descanso dos profissionais de enfermagem, durante a jornada de trabalho. A proposta \u00e9 de autoria do deputado Chico Vigilante (PT) e\u00a0pode ser votada em segundo turno nesta quarta-feira. De acordo com a mat\u00e9ria, institui\u00e7\u00f5es de sa\u00fade [&hellip;]<\/p>\n","protected":false},"author":6,"featured_media":713,"comment_status":"closed","ping_status":"closed","sticky":false,"template":"","format":"standard","meta":{"footnotes":""},"categories":[6,2],"tags":[],"class_list":["post-711","post","type-post","status-publish","format-standard","has-post-thumbnail","hentry","category-noticias","category-teste"],"_links":{"self":[{"href":"https:\/\/sindenfermeiro.com.br\/index.php\/wp-json\/wp\/v2\/posts\/711","targetHints":{"allow":["GET"]}}],"collection":[{"href":"https:\/\/sindenfermeiro.com.br\/index.php\/wp-json\/wp\/v2\/posts"}],"about":[{"href":"https:\/\/sindenfermeiro.com.br\/index.php\/wp-json\/wp\/v2\/types\/post"}],"author":[{"embeddable":true,"href":"https:\/\/sindenfermeiro.com.br\/index.php\/wp-json\/wp\/v2\/users\/6"}],"replies":[{"embeddable":true,"href":"https:\/\/sindenfermeiro.com.br\/index.php\/wp-json\/wp\/v2\/comments?post=711"}],"version-history":[{"count":1,"href":"https:\/\/sindenfermeiro.com.br\/index.php\/wp-json\/wp\/v2\/posts\/711\/revisions"}],"predecessor-version":[{"id":36989,"href":"https:\/\/sindenfermeiro.com.br\/index.php\/wp-json\/wp\/v2\/posts\/711\/revisions\/36989"}],"wp:featuredmedia":[{"embeddable":true,"href":"https:\/\/sindenfermeiro.com.br\/index.php\/wp-json\/"}],"wp:attachment":[{"href":"https:\/\/sindenfermeiro.com.br\/index.php\/wp-json\/wp\/v2\/media?parent=711"}],"wp:term":[{"taxonomy":"category","embeddable":true,"href":"https:\/\/sindenfermeiro.com.br\/index.php\/wp-json\/wp\/v2\/categories?post=711"},{"taxonomy":"post_tag","embeddable":true,"href":"https:\/\/sindenfermeiro.com.br\/index.php\/wp-json\/wp\/v2\/tags?post=711"}],"curies":[{"name":"wp","href":"https:\/\/api.w.org\/{rel}","templated":true}]}}