{"id":705,"date":"2016-12-13T14:54:16","date_gmt":"2016-12-13T14:54:16","guid":{"rendered":"http:\/\/www.sindenfermeiro.com.br\/?p=705"},"modified":"2026-04-29T07:02:47","modified_gmt":"2026-04-29T10:02:47","slug":"sindenfermeiro-e-ministerio-do-trabalho-conversam-sobre-condicoes-de-trabalho-nos-hospitais-privados","status":"publish","type":"post","link":"https:\/\/sindenfermeiro.com.br\/index.php\/2016\/12\/13\/sindenfermeiro-e-ministerio-do-trabalho-conversam-sobre-condicoes-de-trabalho-nos-hospitais-privados\/","title":{"rendered":"SindEnfermeiro e Minist\u00e9rio do Trabalho conversam sobre condi\u00e7\u00f5es de trabalho nos hospitais privados"},"content":{"rendered":"<p style=\"text-align: justify\"><span style=\"font-size: 14pt\">Nesta ter\u00e7a-feira, o SindEnfermeiro reuniu-se com representantes do Minist\u00e9rio do Trabalho e Emprego (MTE) pra tratar sobre o acordo em conven\u00e7\u00e3o coletiva, al\u00e9m de melhorias das condi\u00e7\u00f5es de trabalho, nos hospitais privados do Distrito Federal.<\/span><\/p>\n<p style=\"text-align: justify\"><span style=\"font-size: 14pt\">O sindicato colocou-se \u00e0 disposi\u00e7\u00e3o para atuar, junto ao MTE, nas frentes de fiscaliza\u00e7\u00e3o. \u201cEste tipo de iniciativa \u00e9 importante para que haja o fortalecimento da categoria junto aos \u00f3rg\u00e3os respons\u00e1veis pela fiscaliza\u00e7\u00e3o das condi\u00e7\u00f5es de trabalho, nos hospitais\u201d, explica Jorge Henrique Sousa, diretor do SindEnfermeiro.<\/span><\/p>\n<p style=\"text-align: justify\"><span style=\"font-size: 14pt\">Tamb\u00e9m participaram da reuni\u00e3o, Tarc\u00edsio Faria, diretor do Sindenfermeiro, assessorado pelo escrit\u00f3rio jur\u00eddico Zilmara Alencar; Betildes Jos\u00e9 da Rocha, superintendente regional do trabalho e Andr\u00e9 Grandizoli, inspetor regional do trabalho.<\/span><\/p>\n<p style=\"text-align: justify\"><img loading=\"lazy\" decoding=\"async\" class=\"alignnone size-full wp-image-702\" src=\"http:\/\/www.sindenfermeiro.com.br\/wp-content\/uploads\/2016\/12\/2-1-1.png\" alt=\"2 (1)\" width=\"800\" height=\"800\" \/><\/p>\n","protected":false},"excerpt":{"rendered":"<p>Nesta ter\u00e7a-feira, o SindEnfermeiro reuniu-se com representantes do Minist\u00e9rio do Trabalho e Emprego (MTE) pra tratar sobre o acordo em conven\u00e7\u00e3o coletiva, al\u00e9m de melhorias das condi\u00e7\u00f5es de trabalho, nos hospitais privados do Distrito Federal. O sindicato colocou-se \u00e0 disposi\u00e7\u00e3o para atuar, junto ao MTE, nas frentes de fiscaliza\u00e7\u00e3o. \u201cEste tipo de iniciativa \u00e9 importante [&hellip;]<\/p>\n","protected":false},"author":6,"featured_media":702,"comment_status":"closed","ping_status":"closed","sticky":false,"template":"","format":"standard","meta":{"footnotes":""},"categories":[6,2],"tags":[],"class_list":["post-705","post","type-post","status-publish","format-standard","has-post-thumbnail","hentry","category-noticias","category-teste"],"_links":{"self":[{"href":"https:\/\/sindenfermeiro.com.br\/index.php\/wp-json\/wp\/v2\/posts\/705","targetHints":{"allow":["GET"]}}],"collection":[{"href":"https:\/\/sindenfermeiro.com.br\/index.php\/wp-json\/wp\/v2\/posts"}],"about":[{"href":"https:\/\/sindenfermeiro.com.br\/index.php\/wp-json\/wp\/v2\/types\/post"}],"author":[{"embeddable":true,"href":"https:\/\/sindenfermeiro.com.br\/index.php\/wp-json\/wp\/v2\/users\/6"}],"replies":[{"embeddable":true,"href":"https:\/\/sindenfermeiro.com.br\/index.php\/wp-json\/wp\/v2\/comments?post=705"}],"version-history":[{"count":1,"href":"https:\/\/sindenfermeiro.com.br\/index.php\/wp-json\/wp\/v2\/posts\/705\/revisions"}],"predecessor-version":[{"id":37379,"href":"https:\/\/sindenfermeiro.com.br\/index.php\/wp-json\/wp\/v2\/posts\/705\/revisions\/37379"}],"wp:featuredmedia":[{"embeddable":true,"href":"https:\/\/sindenfermeiro.com.br\/index.php\/wp-json\/"}],"wp:attachment":[{"href":"https:\/\/sindenfermeiro.com.br\/index.php\/wp-json\/wp\/v2\/media?parent=705"}],"wp:term":[{"taxonomy":"category","embeddable":true,"href":"https:\/\/sindenfermeiro.com.br\/index.php\/wp-json\/wp\/v2\/categories?post=705"},{"taxonomy":"post_tag","embeddable":true,"href":"https:\/\/sindenfermeiro.com.br\/index.php\/wp-json\/wp\/v2\/tags?post=705"}],"curies":[{"name":"wp","href":"https:\/\/api.w.org\/{rel}","templated":true}]}}