{"id":7027,"date":"2019-05-02T19:36:45","date_gmt":"2019-05-02T19:36:45","guid":{"rendered":"http:\/\/www.sindenfermeiro.com.br\/?p=7027"},"modified":"2026-04-26T16:43:19","modified_gmt":"2026-04-26T19:43:19","slug":"sindenfermeiro-participa-de-ato-unificado-do-dia-do-trabalhador-em-taguatinga","status":"publish","type":"post","link":"https:\/\/sindenfermeiro.com.br\/index.php\/2019\/05\/02\/sindenfermeiro-participa-de-ato-unificado-do-dia-do-trabalhador-em-taguatinga\/","title":{"rendered":"SindEnfermeiro participa de Ato Unificado do Dia do Trabalhador em Taguatinga"},"content":{"rendered":"<style type=\"text\/css\">\n#foogallery-gallery-7075 .fg-image { width: 640px; }<\/style>\n\t\t\t<div class=\"foogallery foogallery-container foogallery-image-viewer foogallery-link-image foogallery-lightbox-none fg-center fg-image-viewer fg-ready fg-light fg-border-thin fg-shadow-outline fg-loading-default fg-loaded-fade-in fg-caption-hover fg-hover-fade fg-hover-zoom\" id=\"foogallery-gallery-7075\" data-foogallery=\"{&quot;item&quot;:{&quot;showCaptionTitle&quot;:true,&quot;showCaptionDescription&quot;:true},&quot;lazy&quot;:true,&quot;template&quot;:{&quot;loop&quot;:true}}\" style=\"--fg-title-line-clamp: 0; --fg-description-line-clamp: 0;\" >\n\t<div class=\"fiv-inner\">\n\t\t<div class=\"fiv-inner-container\">\n\t\t\t\t\t<\/div>\n\t\t<div class=\"fiv-ctrls\">\n\t\t\t<button type=\"button\" class=\"fiv-prev\" title=\"Prev\"><span>Prev<\/span><\/button>\n\t\t\t<label class=\"fiv-count\"><span class=\"fiv-count-current\">1<\/span>of<span class=\"fiv-count-total\">42<\/span><\/label>\n\t\t\t<button type=\"button\" class=\"fiv-next\" title=\"Next\"><span>Next<\/span><\/button>\n\t\t<\/div>\n\t<\/div>\n<\/div>\n<p>O Sindicato dos Enfermeiros do Distrito Federal (SindEnfermeiro-DF) participou, na \u00faltima quarta (1\u00ba), do Ato Unificado do Dia do Trabalhador, realizado na Pra\u00e7a do Rel\u00f3gio, em Taguatinga. O Secret\u00e1rio-Geral do SindEnfermeiro, Jorge Henrique, e o diretor Adriano Lim\u00edrio estiveram presentes na mobiliza\u00e7\u00e3o \u2013 que contou com a participa\u00e7\u00e3o de entidades sindicais de diversas categorias, movimentos sociais e estudantis.<\/p>\n<p>O evento, que durou at\u00e9 o in\u00edcio da tarde intercalando entre apresenta\u00e7\u00f5es culturais e falas dos representantes de movimentos, teve como principal objetivo protestar contra o modelo de reforma previdenci\u00e1ria proposta pelo governo Bolsonaro, que retira direitos hist\u00f3ricos dos trabalhadores, al\u00e9m de precarizar ainda mais as rela\u00e7\u00f5es de trabalho entre patronato e empregados.<\/p>\n<p>O secret\u00e1rio-geral do SindEnfermeiro, Jorge Henrique, ressalta o acelerado processo de retirada de direitos que, segundo ele, v\u00eam se acentuando desde o governo Temer. \u201cNos \u00faltimos anos, tivemos a aprova\u00e7\u00e3o da PEC 95, que congela os gastos p\u00fablicos por 20 anos, al\u00e9m da aprova\u00e7\u00e3o da reforma trabalhista. Agora temos a proposta de reforma previdenci\u00e1ria, que serve apenas para enriquecer ainda mais os bancos, e retirar mais direitos do trabalhador.\u201d<\/p>\n<p>A aprova\u00e7\u00e3o da reforma traz malef\u00edcios especificamente para os enfermeiros, que necessitam de aposentadoria especial, por conta das condi\u00e7\u00f5es de insalubridade e estresse a que os profissionais est\u00e3o expostos. Com a proposta de idade m\u00ednima para aposentadoria, os enfermeiros ficariam impedidos de solicitar a aposentadoria especial com 25 anos de servi\u00e7o.<\/p>\n<p>O diretor Adriano Lim\u00edrio destaca o car\u00e1ter lesivo da reforma, \u201cque afeta n\u00e3o s\u00f3 os trabalhadores da ativa, mas tamb\u00e9m os j\u00e1 aposentados e aqueles que necessitam da assist\u00eancia da Previd\u00eancia Social. Sem contar que o regime de capitaliza\u00e7\u00e3o passar\u00e1 para as m\u00e3os do sistema privado, que como bem sabemos, n\u00e3o tem nenhum interesse em favorecer as classes menos abastadas\u201d, conclui.<\/p>\n<p>O Sindicato dos Enfermeiros do Distrito Federal se posiciona de maneira contr\u00e1ria \u00e0 Reforma da Previd\u00eancia, que tem como \u00fanico prop\u00f3sito favorecer os bancos privados e os patr\u00f5es, deixando os trabalhadores ainda mais vulner\u00e1veis economicamente e retirando direitos que demoraram d\u00e9cadas para serem consolidados.<\/p>\n","protected":false},"excerpt":{"rendered":"<p>O Sindicato dos Enfermeiros do Distrito Federal (SindEnfermeiro-DF) participou, na \u00faltima quarta (1\u00ba), do Ato Unificado do Dia do Trabalhador, realizado na Pra\u00e7a do Rel\u00f3gio, em Taguatinga. O Secret\u00e1rio-Geral do SindEnfermeiro, Jorge Henrique, e o diretor Adriano Lim\u00edrio estiveram presentes na mobiliza\u00e7\u00e3o \u2013 que contou com a participa\u00e7\u00e3o de entidades sindicais de diversas categorias, movimentos [&hellip;]<\/p>\n","protected":false},"author":6,"featured_media":7049,"comment_status":"closed","ping_status":"closed","sticky":false,"template":"","format":"standard","meta":{"footnotes":""},"categories":[6,13,5],"tags":[242,7,54,243,217,218,173,56],"class_list":["post-7027","post","type-post","status-publish","format-standard","has-post-thumbnail","hentry","category-noticias","category-rede-privada","category-rede-publica","tag-bolsonaro","tag-enfermagem","tag-enfermeiros","tag-pec-06","tag-previdencia","tag-reforma","tag-reforma-da-previdencia","tag-sindicato"],"_links":{"self":[{"href":"https:\/\/sindenfermeiro.com.br\/index.php\/wp-json\/wp\/v2\/posts\/7027","targetHints":{"allow":["GET"]}}],"collection":[{"href":"https:\/\/sindenfermeiro.com.br\/index.php\/wp-json\/wp\/v2\/posts"}],"about":[{"href":"https:\/\/sindenfermeiro.com.br\/index.php\/wp-json\/wp\/v2\/types\/post"}],"author":[{"embeddable":true,"href":"https:\/\/sindenfermeiro.com.br\/index.php\/wp-json\/wp\/v2\/users\/6"}],"replies":[{"embeddable":true,"href":"https:\/\/sindenfermeiro.com.br\/index.php\/wp-json\/wp\/v2\/comments?post=7027"}],"version-history":[{"count":1,"href":"https:\/\/sindenfermeiro.com.br\/index.php\/wp-json\/wp\/v2\/posts\/7027\/revisions"}],"predecessor-version":[{"id":23922,"href":"https:\/\/sindenfermeiro.com.br\/index.php\/wp-json\/wp\/v2\/posts\/7027\/revisions\/23922"}],"wp:featuredmedia":[{"embeddable":true,"href":"https:\/\/sindenfermeiro.com.br\/index.php\/wp-json\/"}],"wp:attachment":[{"href":"https:\/\/sindenfermeiro.com.br\/index.php\/wp-json\/wp\/v2\/media?parent=7027"}],"wp:term":[{"taxonomy":"category","embeddable":true,"href":"https:\/\/sindenfermeiro.com.br\/index.php\/wp-json\/wp\/v2\/categories?post=7027"},{"taxonomy":"post_tag","embeddable":true,"href":"https:\/\/sindenfermeiro.com.br\/index.php\/wp-json\/wp\/v2\/tags?post=7027"}],"curies":[{"name":"wp","href":"https:\/\/api.w.org\/{rel}","templated":true}]}}