{"id":7009,"date":"2019-04-30T21:05:04","date_gmt":"2019-04-30T21:05:04","guid":{"rendered":"http:\/\/www.sindenfermeiro.com.br\/?p=7009"},"modified":"2026-04-26T19:09:55","modified_gmt":"2026-04-26T22:09:55","slug":"sindenfermeiro-participa-de-acao-no-dia-internacional-de-combate-e-prevencao-a-hipertensao","status":"publish","type":"post","link":"https:\/\/sindenfermeiro.com.br\/index.php\/2019\/04\/30\/sindenfermeiro-participa-de-acao-no-dia-internacional-de-combate-e-prevencao-a-hipertensao\/","title":{"rendered":"SindEnfermeiro participa de a\u00e7\u00e3o no Dia Internacional de Combate e Preven\u00e7\u00e3o a Hipertens\u00e3o"},"content":{"rendered":"<style type=\"text\/css\">\n#foogallery-gallery-6981 .fg-image { width: 640px; }<\/style>\n\t\t\t<div class=\"foogallery foogallery-container foogallery-image-viewer foogallery-link-image foogallery-lightbox-none fg-center fg-image-viewer fg-ready fg-light fg-border-thin fg-shadow-outline fg-loading-default fg-loaded-fade-in fg-caption-hover fg-hover-fade fg-hover-zoom\" id=\"foogallery-gallery-6981\" data-foogallery=\"{&quot;item&quot;:{&quot;showCaptionTitle&quot;:true,&quot;showCaptionDescription&quot;:true},&quot;lazy&quot;:true,&quot;template&quot;:{&quot;loop&quot;:true}}\" style=\"--fg-title-line-clamp: 0; --fg-description-line-clamp: 0;\" >\n\t<div class=\"fiv-inner\">\n\t\t<div class=\"fiv-inner-container\">\n\t\t\t\t\t<\/div>\n\t\t<div class=\"fiv-ctrls\">\n\t\t\t<button type=\"button\" class=\"fiv-prev\" title=\"Prev\"><span>Prev<\/span><\/button>\n\t\t\t<label class=\"fiv-count\"><span class=\"fiv-count-current\">1<\/span>of<span class=\"fiv-count-total\">27<\/span><\/label>\n\t\t\t<button type=\"button\" class=\"fiv-next\" title=\"Next\"><span>Next<\/span><\/button>\n\t\t<\/div>\n\t<\/div>\n<\/div>\n<p>O Sindicato dos Enfermeiros do Distrito Federal esteve presente, no \u00faltimo s\u00e1bado (27), na a\u00e7\u00e3o realizada pelos trabalhadores da Unidade B\u00e1sica de Sa\u00fade n\u00ba 02 do Guar\u00e1. A iniciativa aconteceu em um condom\u00ednio do Guar\u00e1 II, e contou com a presen\u00e7a da equipe da unidade, composta por enfermeiros, m\u00e9dicos e t\u00e9cnicos \u2013 al\u00e9m de tutores e estudantes de enfermagem da Escola Superior de Ci\u00eancias da Sa\u00fade (ESCS).<\/p>\n<p>Durante a a\u00e7\u00e3o, os moradores puderam medir a glicemia, aferir a press\u00e3o arterial, al\u00e9m de se vacinarem contra a gripe. Quem participou da iniciativa tamb\u00e9m pode conferir palestras sobre preven\u00e7\u00e3o de Infec\u00e7\u00f5es Sexualmente Transmiss\u00edveis (ISTs) e sa\u00fade bucal. Os pacientes que tem mobilidade reduzida, ou que n\u00e3o conseguem se locomover receberam a vacina contra gripe em casa.<\/p>\n<p>A enfermeira Luciene Corado, que trabalha na unidade h\u00e1 13 anos, foi a respons\u00e1vel por coorde<\/p>\n<p>nar a a\u00e7\u00e3o. Ela destaca, entre outros pontos, a import\u00e2ncia de fortalecer os v\u00ednculos com os moradores da regi\u00e3o, no sentido de facilitar a ado\u00e7\u00e3o de estrat\u00e9gias espec\u00edficas de atendimento.<\/p>\n<p>\u201cEssas a\u00e7\u00f5es ajudam a tra\u00e7ar um panorama da comunidade de acordo com as suas necessidades espec\u00edficas. Atrav\u00e9s delas, n\u00f3s podemos identificar se na regi\u00e3o predomina um maior n\u00famero de hipertensos ou diab\u00e9ticos, por exemplo, e mapear a incid\u00eancia desses casos\u201d, afirma Luciene.<\/p>\n<p>A iniciativa trouxe, tamb\u00e9m, a oportunidade de aprendizado para os estudantes de enfermagem \u2013 possibilitando, al\u00e9m da atua\u00e7\u00e3o pr\u00e1tica, uma maior compreens\u00e3o da import\u00e2ncia da Estrat\u00e9gia de Sa\u00fade da Fam\u00edlia (ESF) dentro do Sistema \u00danico de Sa\u00fade (SUS).<\/p>\n<p>\u201cEsse contato \u00e9 extremamente necess\u00e1rio, principalmente durante a gradua\u00e7\u00e3o, que \u00e9 quando recebemos nossos primeiros pacientes\u201d. \u00c9 o que afirma a estudante S\u00e2mia de S\u00e1, aluna de do Curso de Gradua\u00e7\u00e3o em Enfermagem da ESCS que participou da iniciativa. Para ela, \u201ceste \u00e9 o momento em que os graduandos podem aprender na pr\u00e1tica o que \u00e9 a enfermagem e o que ela representa, seja no \u00e2mbito da sa\u00fade, social ou pol\u00edtico\u201d.<\/p>\n<p>Para a tutora de Habilidades Pr\u00e1ticas em Enfermagem (HPE), Simone Fid\u00e9lis, \u201ca participa\u00e7\u00e3o do SindEnfermeiro foi importante, n\u00e3o s\u00f3 no sentido de auxiliar na viabiliza\u00e7\u00e3o dessa interven\u00e7\u00e3o junto a comunidade, mas tamb\u00e9m para mostrar como as entidades de enfermagem podem contribuir no desenvolvimento dos estudantes\u201d.<\/p>\n","protected":false},"excerpt":{"rendered":"<p>O Sindicato dos Enfermeiros do Distrito Federal esteve presente, no \u00faltimo s\u00e1bado (27), na a\u00e7\u00e3o realizada pelos trabalhadores da Unidade B\u00e1sica de Sa\u00fade n\u00ba 02 do Guar\u00e1. A iniciativa aconteceu em um condom\u00ednio do Guar\u00e1 II, e contou com a presen\u00e7a da equipe da unidade, composta por enfermeiros, m\u00e9dicos e t\u00e9cnicos \u2013 al\u00e9m de tutores [&hellip;]<\/p>\n","protected":false},"author":6,"featured_media":7001,"comment_status":"closed","ping_status":"closed","sticky":false,"template":"","format":"standard","meta":{"footnotes":""},"categories":[6,5],"tags":[7,166,36,54,47,81,12,21],"class_list":["post-7009","post","type-post","status-publish","format-standard","has-post-thumbnail","hentry","category-noticias","category-rede-publica","tag-enfermagem","tag-enfermagemdf","tag-enfermeiro-da-saude-da-familia","tag-enfermeiros","tag-rede-publica","tag-ses-df","tag-sindenfemeirodf","tag-sindenfermeiro"],"_links":{"self":[{"href":"https:\/\/sindenfermeiro.com.br\/index.php\/wp-json\/wp\/v2\/posts\/7009","targetHints":{"allow":["GET"]}}],"collection":[{"href":"https:\/\/sindenfermeiro.com.br\/index.php\/wp-json\/wp\/v2\/posts"}],"about":[{"href":"https:\/\/sindenfermeiro.com.br\/index.php\/wp-json\/wp\/v2\/types\/post"}],"author":[{"embeddable":true,"href":"https:\/\/sindenfermeiro.com.br\/index.php\/wp-json\/wp\/v2\/users\/6"}],"replies":[{"embeddable":true,"href":"https:\/\/sindenfermeiro.com.br\/index.php\/wp-json\/wp\/v2\/comments?post=7009"}],"version-history":[{"count":1,"href":"https:\/\/sindenfermeiro.com.br\/index.php\/wp-json\/wp\/v2\/posts\/7009\/revisions"}],"predecessor-version":[{"id":37380,"href":"https:\/\/sindenfermeiro.com.br\/index.php\/wp-json\/wp\/v2\/posts\/7009\/revisions\/37380"}],"wp:featuredmedia":[{"embeddable":true,"href":"https:\/\/sindenfermeiro.com.br\/index.php\/wp-json\/"}],"wp:attachment":[{"href":"https:\/\/sindenfermeiro.com.br\/index.php\/wp-json\/wp\/v2\/media?parent=7009"}],"wp:term":[{"taxonomy":"category","embeddable":true,"href":"https:\/\/sindenfermeiro.com.br\/index.php\/wp-json\/wp\/v2\/categories?post=7009"},{"taxonomy":"post_tag","embeddable":true,"href":"https:\/\/sindenfermeiro.com.br\/index.php\/wp-json\/wp\/v2\/tags?post=7009"}],"curies":[{"name":"wp","href":"https:\/\/api.w.org\/{rel}","templated":true}]}}