{"id":6977,"date":"2019-04-30T20:34:56","date_gmt":"2019-04-30T20:34:56","guid":{"rendered":"http:\/\/www.sindenfermeiro.com.br\/?p=6977"},"modified":"2026-04-26T16:43:53","modified_gmt":"2026-04-26T19:43:53","slug":"sindenfermeiro-realizara-1o-seminario-sobre-saude-do-trabalhador","status":"publish","type":"post","link":"https:\/\/sindenfermeiro.com.br\/index.php\/2019\/04\/30\/sindenfermeiro-realizara-1o-seminario-sobre-saude-do-trabalhador\/","title":{"rendered":"SindEnfermeiro realizar\u00e1 1\u00ba Semin\u00e1rio sobre Sa\u00fade do Trabalhador"},"content":{"rendered":"<p>O Sindicato dos Enfermeiros do Distrito Federal (SindEnfermeiro) realizar\u00e1 no pr\u00f3ximo dia 13 de maio, o 1\u00ba Semin\u00e1rio sobre Sa\u00fade do Trabalhador. O evento far\u00e1 parte da 80\u00aa Semana Brasileira Enfermagem e tem como objetivo compreender a enfermagem como pr\u00e1tica social e suas conseq\u00fc\u00eancias para as rela\u00e7\u00f5es de trabalho na sa\u00fade.<\/p>\n<p>Durante o semin\u00e1rio acontecer\u00e3o palestras, mesas redondas e grupos de trabalho para debater e analisar todos os aspectos entre a rela\u00e7\u00e3o enfermagem e trabalho. Entre os convidados para palestrarem no evento est\u00e3o representantes do Conselho Regional de Enfermagem do DF (COREN-DF), Minist\u00e9rio P\u00fablico do Trabalho, Associa\u00e7\u00e3o Brasileira de Enfermagem Nacional (ABEn-DF), do Sindicato dos T\u00e9cnicos e Auxiliares em Enfermagem e da Diretoria de Enfermagem.<\/p>\n<p>O evento acontecer\u00e1 das 08:30 \u00e0s 17hrs, no audit\u00f3rio da ABEN Nacional e \u00e9 destinado a profissionais de enfermagem, professores e estudantes. As inscri\u00e7\u00f5es s\u00e3o gratuitas.<\/p>\n<p>Confira abaixo a programa\u00e7\u00e3o completa do evento:<\/p>\n<p><img loading=\"lazy\" decoding=\"async\" class=\"alignnone size-full wp-image-7019\" src=\"http:\/\/www.sindenfermeiro.com.br\/wp-content\/uploads\/2019\/05\/adriano1.png\" alt=\"\" width=\"693\" height=\"443\" \/> <img loading=\"lazy\" decoding=\"async\" class=\"alignnone size-full wp-image-7020\" src=\"http:\/\/www.sindenfermeiro.com.br\/wp-content\/uploads\/2019\/05\/adriano2.png\" alt=\"\" width=\"689\" height=\"477\" \/><\/p>\n","protected":false},"excerpt":{"rendered":"<p>O Sindicato dos Enfermeiros do Distrito Federal (SindEnfermeiro) realizar\u00e1 no pr\u00f3ximo dia 13 de maio, o 1\u00ba Semin\u00e1rio sobre Sa\u00fade do Trabalhador. O evento far\u00e1 parte da 80\u00aa Semana Brasileira Enfermagem e tem como objetivo compreender a enfermagem como pr\u00e1tica social e suas conseq\u00fc\u00eancias para as rela\u00e7\u00f5es de trabalho na sa\u00fade. Durante o semin\u00e1rio acontecer\u00e3o [&hellip;]<\/p>\n","protected":false},"author":6,"featured_media":6830,"comment_status":"closed","ping_status":"closed","sticky":false,"template":"","format":"standard","meta":{"footnotes":""},"categories":[6,13,5],"tags":[],"class_list":["post-6977","post","type-post","status-publish","format-standard","has-post-thumbnail","hentry","category-noticias","category-rede-privada","category-rede-publica"],"_links":{"self":[{"href":"https:\/\/sindenfermeiro.com.br\/index.php\/wp-json\/wp\/v2\/posts\/6977","targetHints":{"allow":["GET"]}}],"collection":[{"href":"https:\/\/sindenfermeiro.com.br\/index.php\/wp-json\/wp\/v2\/posts"}],"about":[{"href":"https:\/\/sindenfermeiro.com.br\/index.php\/wp-json\/wp\/v2\/types\/post"}],"author":[{"embeddable":true,"href":"https:\/\/sindenfermeiro.com.br\/index.php\/wp-json\/wp\/v2\/users\/6"}],"replies":[{"embeddable":true,"href":"https:\/\/sindenfermeiro.com.br\/index.php\/wp-json\/wp\/v2\/comments?post=6977"}],"version-history":[{"count":1,"href":"https:\/\/sindenfermeiro.com.br\/index.php\/wp-json\/wp\/v2\/posts\/6977\/revisions"}],"predecessor-version":[{"id":29446,"href":"https:\/\/sindenfermeiro.com.br\/index.php\/wp-json\/wp\/v2\/posts\/6977\/revisions\/29446"}],"wp:featuredmedia":[{"embeddable":true,"href":"https:\/\/sindenfermeiro.com.br\/index.php\/wp-json\/"}],"wp:attachment":[{"href":"https:\/\/sindenfermeiro.com.br\/index.php\/wp-json\/wp\/v2\/media?parent=6977"}],"wp:term":[{"taxonomy":"category","embeddable":true,"href":"https:\/\/sindenfermeiro.com.br\/index.php\/wp-json\/wp\/v2\/categories?post=6977"},{"taxonomy":"post_tag","embeddable":true,"href":"https:\/\/sindenfermeiro.com.br\/index.php\/wp-json\/wp\/v2\/tags?post=6977"}],"curies":[{"name":"wp","href":"https:\/\/api.w.org\/{rel}","templated":true}]}}