{"id":6973,"date":"2019-04-30T16:56:42","date_gmt":"2019-04-30T16:56:42","guid":{"rendered":"http:\/\/www.sindenfermeiro.com.br\/?p=6973"},"modified":"2026-04-26T19:06:53","modified_gmt":"2026-04-26T22:06:53","slug":"planejamento-de-carreira","status":"publish","type":"post","link":"https:\/\/sindenfermeiro.com.br\/index.php\/2019\/04\/30\/planejamento-de-carreira\/","title":{"rendered":"Planejamento de Carreira"},"content":{"rendered":"<p><img loading=\"lazy\" decoding=\"async\" class=\"alignnone  wp-image-6974\" src=\"http:\/\/www.sindenfermeiro.com.br\/wp-content\/uploads\/2019\/04\/WhatsApp-Image-2019-04-30-at-11.54.40-900x737.jpeg\" alt=\"\" width=\"793\" height=\"650\" \/><\/p>\n<p>[PLANEJAMENTO DE CARREIRA] &#x2757;&#x2757;&#x1f4e2;&#x1f4e2;<\/p>\n<p>Aten\u00e7\u00e3o voc\u00ea enfermeiro da Secretaria de Sa\u00fade! O SindEnfermeiro tem um servi\u00e7o que te orienta sobre plano de carreira, sal\u00e1rios, progress\u00e3o funcional, entre outros assuntos. Entender os seus direitos \u00e9 o primeiro passo para fazer valer!<\/p>\n<p>Entre em contato para mais informa\u00e7\u00f5es, no telefone (61) 3273-0307, ou via e-mail: revisalariosedf@gmail.com.<\/p>\n","protected":false},"excerpt":{"rendered":"<p>[PLANEJAMENTO DE CARREIRA] &#x2757;&#x2757;&#x1f4e2;&#x1f4e2; Aten\u00e7\u00e3o voc\u00ea enfermeiro da Secretaria de Sa\u00fade! O SindEnfermeiro tem um servi\u00e7o que te orienta sobre plano de carreira, sal\u00e1rios, progress\u00e3o funcional, entre outros assuntos. Entender os seus direitos \u00e9 o primeiro passo para fazer valer! Entre em contato para mais informa\u00e7\u00f5es, no telefone (61) 3273-0307, ou via e-mail: revisalariosedf@gmail.com.<\/p>\n","protected":false},"author":6,"featured_media":6974,"comment_status":"closed","ping_status":"closed","sticky":false,"template":"","format":"standard","meta":{"footnotes":""},"categories":[6,5],"tags":[64,7,10,236,21],"class_list":["post-6973","post","type-post","status-publish","format-standard","has-post-thumbnail","hentry","category-noticias","category-rede-publica","tag-clube-de-vantagens","tag-enfermagem","tag-secretaria-de-saude","tag-ses","tag-sindenfermeiro"],"_links":{"self":[{"href":"https:\/\/sindenfermeiro.com.br\/index.php\/wp-json\/wp\/v2\/posts\/6973","targetHints":{"allow":["GET"]}}],"collection":[{"href":"https:\/\/sindenfermeiro.com.br\/index.php\/wp-json\/wp\/v2\/posts"}],"about":[{"href":"https:\/\/sindenfermeiro.com.br\/index.php\/wp-json\/wp\/v2\/types\/post"}],"author":[{"embeddable":true,"href":"https:\/\/sindenfermeiro.com.br\/index.php\/wp-json\/wp\/v2\/users\/6"}],"replies":[{"embeddable":true,"href":"https:\/\/sindenfermeiro.com.br\/index.php\/wp-json\/wp\/v2\/comments?post=6973"}],"version-history":[{"count":1,"href":"https:\/\/sindenfermeiro.com.br\/index.php\/wp-json\/wp\/v2\/posts\/6973\/revisions"}],"predecessor-version":[{"id":19644,"href":"https:\/\/sindenfermeiro.com.br\/index.php\/wp-json\/wp\/v2\/posts\/6973\/revisions\/19644"}],"wp:featuredmedia":[{"embeddable":true,"href":"https:\/\/sindenfermeiro.com.br\/index.php\/wp-json\/"}],"wp:attachment":[{"href":"https:\/\/sindenfermeiro.com.br\/index.php\/wp-json\/wp\/v2\/media?parent=6973"}],"wp:term":[{"taxonomy":"category","embeddable":true,"href":"https:\/\/sindenfermeiro.com.br\/index.php\/wp-json\/wp\/v2\/categories?post=6973"},{"taxonomy":"post_tag","embeddable":true,"href":"https:\/\/sindenfermeiro.com.br\/index.php\/wp-json\/wp\/v2\/tags?post=6973"}],"curies":[{"name":"wp","href":"https:\/\/api.w.org\/{rel}","templated":true}]}}