{"id":6966,"date":"2019-04-30T13:15:46","date_gmt":"2019-04-30T13:15:46","guid":{"rendered":"http:\/\/www.sindenfermeiro.com.br\/?p=6966"},"modified":"2026-04-26T16:42:05","modified_gmt":"2026-04-26T19:42:05","slug":"sindenfermeiro-participa-de-debate-sobre-enfermagem-forense","status":"publish","type":"post","link":"https:\/\/sindenfermeiro.com.br\/index.php\/2019\/04\/30\/sindenfermeiro-participa-de-debate-sobre-enfermagem-forense\/","title":{"rendered":"SindEnfermeiro participa de debate sobre Enfermagem Forense"},"content":{"rendered":"<style type=\"text\/css\">\n#foogallery-gallery-6971 .fg-image { width: 640px; }<\/style>\n\t\t\t<div class=\"foogallery foogallery-container foogallery-image-viewer foogallery-link-image foogallery-lightbox-none fg-center fg-image-viewer fg-ready fg-light fg-border-thin fg-shadow-outline fg-loading-default fg-loaded-fade-in fg-caption-hover fg-hover-fade fg-hover-zoom\" id=\"foogallery-gallery-6971\" data-foogallery=\"{&quot;item&quot;:{&quot;showCaptionTitle&quot;:true,&quot;showCaptionDescription&quot;:true},&quot;lazy&quot;:true,&quot;template&quot;:{&quot;loop&quot;:true}}\" style=\"--fg-title-line-clamp: 0; --fg-description-line-clamp: 0;\" >\n\t<div class=\"fiv-inner\">\n\t\t<div class=\"fiv-inner-container\">\n\t\t\t\t\t<\/div>\n\t\t<div class=\"fiv-ctrls\">\n\t\t\t<button type=\"button\" class=\"fiv-prev\" title=\"Prev\"><span>Prev<\/span><\/button>\n\t\t\t<label class=\"fiv-count\"><span class=\"fiv-count-current\">1<\/span>of<span class=\"fiv-count-total\">3<\/span><\/label>\n\t\t\t<button type=\"button\" class=\"fiv-next\" title=\"Next\"><span>Next<\/span><\/button>\n\t\t<\/div>\n\t<\/div>\n<\/div>\n<p>Os diretores do Sindicato dos Enfermeiros do Distrito Federal, Adriano Lim\u00edrio e S\u00e9rgio Lima, participaram na \u00faltima quarta (29), da 1\u00aa Reuni\u00e3o do F\u00f3rum da Enfermagem Forense de Bras\u00edlia. O evento tamb\u00e9m contou com a presen\u00e7a do Conselho Regional de Enfermagem do DF (COREN-DF), da Associa\u00e7\u00e3o Brasileira de Enfermagem Nacional (ABEn-DF), da Liga Nacional de Enfermagem Forense, Sociedade Brasileira de Enfermagem Forense (SOBEF), de estudantes e do deputado Jorge Vianna.<\/p>\n<p>&nbsp;<\/p>\n<p>Entre os pontos debatidos na reuni\u00e3o, est\u00e3o os aspectos da especialidade no Brasil, a import\u00e2ncia da especializa\u00e7\u00e3o e as quest\u00f5es que devem ser trabalhadas para que ocorra a concretiza\u00e7\u00e3o da profiss\u00e3o no Brasil. A enfermagem forense tem uma \u00e1rea de atua\u00e7\u00e3o muito abrangente, que vai desde a seguran\u00e7a p\u00fablica \u00e0 aten\u00e7\u00e3o b\u00e1sica, com extens\u00e3o \u00e0 aeras de ensino e popula\u00e7\u00f5es vulner\u00e1veis.<\/p>\n","protected":false},"excerpt":{"rendered":"<p>Os diretores do Sindicato dos Enfermeiros do Distrito Federal, Adriano Lim\u00edrio e S\u00e9rgio Lima, participaram na \u00faltima quarta (29), da 1\u00aa Reuni\u00e3o do F\u00f3rum da Enfermagem Forense de Bras\u00edlia. O evento tamb\u00e9m contou com a presen\u00e7a do Conselho Regional de Enfermagem do DF (COREN-DF), da Associa\u00e7\u00e3o Brasileira de Enfermagem Nacional (ABEn-DF), da Liga Nacional de [&hellip;]<\/p>\n","protected":false},"author":6,"featured_media":6969,"comment_status":"closed","ping_status":"closed","sticky":false,"template":"","format":"standard","meta":{"footnotes":""},"categories":[6,13,5],"tags":[7,99,235,21],"class_list":["post-6966","post","type-post","status-publish","format-standard","has-post-thumbnail","hentry","category-noticias","category-rede-privada","category-rede-publica","tag-enfermagem","tag-enfermagem-df","tag-enfermagem-forense","tag-sindenfermeiro"],"_links":{"self":[{"href":"https:\/\/sindenfermeiro.com.br\/index.php\/wp-json\/wp\/v2\/posts\/6966","targetHints":{"allow":["GET"]}}],"collection":[{"href":"https:\/\/sindenfermeiro.com.br\/index.php\/wp-json\/wp\/v2\/posts"}],"about":[{"href":"https:\/\/sindenfermeiro.com.br\/index.php\/wp-json\/wp\/v2\/types\/post"}],"author":[{"embeddable":true,"href":"https:\/\/sindenfermeiro.com.br\/index.php\/wp-json\/wp\/v2\/users\/6"}],"replies":[{"embeddable":true,"href":"https:\/\/sindenfermeiro.com.br\/index.php\/wp-json\/wp\/v2\/comments?post=6966"}],"version-history":[{"count":1,"href":"https:\/\/sindenfermeiro.com.br\/index.php\/wp-json\/wp\/v2\/posts\/6966\/revisions"}],"predecessor-version":[{"id":30977,"href":"https:\/\/sindenfermeiro.com.br\/index.php\/wp-json\/wp\/v2\/posts\/6966\/revisions\/30977"}],"wp:featuredmedia":[{"embeddable":true,"href":"https:\/\/sindenfermeiro.com.br\/index.php\/wp-json\/"}],"wp:attachment":[{"href":"https:\/\/sindenfermeiro.com.br\/index.php\/wp-json\/wp\/v2\/media?parent=6966"}],"wp:term":[{"taxonomy":"category","embeddable":true,"href":"https:\/\/sindenfermeiro.com.br\/index.php\/wp-json\/wp\/v2\/categories?post=6966"},{"taxonomy":"post_tag","embeddable":true,"href":"https:\/\/sindenfermeiro.com.br\/index.php\/wp-json\/wp\/v2\/tags?post=6966"}],"curies":[{"name":"wp","href":"https:\/\/api.w.org\/{rel}","templated":true}]}}