{"id":6957,"date":"2019-04-29T15:04:17","date_gmt":"2019-04-29T15:04:17","guid":{"rendered":"http:\/\/www.sindenfermeiro.com.br\/?p=6957"},"modified":"2026-04-26T16:42:51","modified_gmt":"2026-04-26T19:42:51","slug":"ato-unificado-contra-a-reforma-da-previdencia","status":"publish","type":"post","link":"https:\/\/sindenfermeiro.com.br\/index.php\/2019\/04\/29\/ato-unificado-contra-a-reforma-da-previdencia\/","title":{"rendered":"Ato Unificado Contra a Reforma da Previd\u00eancia"},"content":{"rendered":"<p><img loading=\"lazy\" decoding=\"async\" class=\"alignnone size-medium wp-image-6958\" src=\"http:\/\/www.sindenfermeiro.com.br\/wp-content\/uploads\/2019\/04\/89e257b5-4a31-4d16-a8f7-1ca075c07549-900x900.jpg\" alt=\"\" width=\"900\" height=\"900\" \/><\/p>\n<p>O SindEnfermeiro convoca a todos os profissionais da categoria e a popula\u00e7\u00e3o para participar, no dia 1\u00ba de maio (quarta-feira), \u00e0s 10h, do ato unificado na Pra\u00e7a do Rel\u00f3gio, em Taguatinga, contra a Reforma da Previd\u00eancia. O modelo de reforma proposta pelo governo Bolsonaro representa a retirada de direitos, precariza\u00e7\u00e3o das rela\u00e7\u00f5es de trabalho e o aumento das desigualdades. A mobiliza\u00e7\u00e3o ser\u00e1 liderada pelo F\u00f3rum Distrital Contra a Reforma da Previd\u00eancia e em Defesa da Aposentadoria, e contar\u00e1 com a presen\u00e7a de v\u00e1rias entidades sindicais, movimentos estudantis, entre outras lideran\u00e7as dos movimentos de classe.<\/p>\n<p>A Reforma da Previd\u00eancia \u00e9 um crime contra o trabalhador brasileiro, e essa luta \u00e9 de todos n\u00f3s! Compare\u00e7a, participe, fa\u00e7a a sua parte. Nenhum direito a menos!<\/p>\n<p>Ato Unificado do F\u00f3rum Distrital Contra a Reforma da Previd\u00eancia e em Defesa da Aposentadoria<\/p>\n<p>&#x1f4c6; Quando? 1\u00ba de maio (quarta-feira &#8211; Dia do Trabalhador)<\/p>\n<p>&#x1f3e2; Onde? Concentra\u00e7\u00e3o na Pra\u00e7a do Rel\u00f3gio, em Taguatinga.<\/p>\n<p>&#x1f559; Que horas? 10h<\/p>\n","protected":false},"excerpt":{"rendered":"<p>O SindEnfermeiro convoca a todos os profissionais da categoria e a popula\u00e7\u00e3o para participar, no dia 1\u00ba de maio (quarta-feira), \u00e0s 10h, do ato unificado na Pra\u00e7a do Rel\u00f3gio, em Taguatinga, contra a Reforma da Previd\u00eancia. O modelo de reforma proposta pelo governo Bolsonaro representa a retirada de direitos, precariza\u00e7\u00e3o das rela\u00e7\u00f5es de trabalho e [&hellip;]<\/p>\n","protected":false},"author":6,"featured_media":6958,"comment_status":"closed","ping_status":"closed","sticky":false,"template":"","format":"standard","meta":{"footnotes":""},"categories":[6,13,5],"tags":[214,217,232,218,56,233,234],"class_list":["post-6957","post","type-post","status-publish","format-standard","has-post-thumbnail","hentry","category-noticias","category-rede-privada","category-rede-publica","tag-ato","tag-previdencia","tag-primeiro-de-maio","tag-reforma","tag-sindicato","tag-social","tag-unificado"],"_links":{"self":[{"href":"https:\/\/sindenfermeiro.com.br\/index.php\/wp-json\/wp\/v2\/posts\/6957","targetHints":{"allow":["GET"]}}],"collection":[{"href":"https:\/\/sindenfermeiro.com.br\/index.php\/wp-json\/wp\/v2\/posts"}],"about":[{"href":"https:\/\/sindenfermeiro.com.br\/index.php\/wp-json\/wp\/v2\/types\/post"}],"author":[{"embeddable":true,"href":"https:\/\/sindenfermeiro.com.br\/index.php\/wp-json\/wp\/v2\/users\/6"}],"replies":[{"embeddable":true,"href":"https:\/\/sindenfermeiro.com.br\/index.php\/wp-json\/wp\/v2\/comments?post=6957"}],"version-history":[{"count":1,"href":"https:\/\/sindenfermeiro.com.br\/index.php\/wp-json\/wp\/v2\/posts\/6957\/revisions"}],"predecessor-version":[{"id":29418,"href":"https:\/\/sindenfermeiro.com.br\/index.php\/wp-json\/wp\/v2\/posts\/6957\/revisions\/29418"}],"wp:featuredmedia":[{"embeddable":true,"href":"https:\/\/sindenfermeiro.com.br\/index.php\/wp-json\/"}],"wp:attachment":[{"href":"https:\/\/sindenfermeiro.com.br\/index.php\/wp-json\/wp\/v2\/media?parent=6957"}],"wp:term":[{"taxonomy":"category","embeddable":true,"href":"https:\/\/sindenfermeiro.com.br\/index.php\/wp-json\/wp\/v2\/categories?post=6957"},{"taxonomy":"post_tag","embeddable":true,"href":"https:\/\/sindenfermeiro.com.br\/index.php\/wp-json\/wp\/v2\/tags?post=6957"}],"curies":[{"name":"wp","href":"https:\/\/api.w.org\/{rel}","templated":true}]}}