{"id":694,"date":"2016-12-08T17:54:36","date_gmt":"2016-12-08T17:54:36","guid":{"rendered":"http:\/\/www.sindenfermeiro.com.br\/?p=694"},"modified":"2026-04-29T07:02:53","modified_gmt":"2026-04-29T10:02:53","slug":"comissao-de-saude-da-camara-legislativa-cancela-votacao-de-projeto-sobre-organizacoes-sociais","status":"publish","type":"post","link":"https:\/\/sindenfermeiro.com.br\/index.php\/2016\/12\/08\/comissao-de-saude-da-camara-legislativa-cancela-votacao-de-projeto-sobre-organizacoes-sociais\/","title":{"rendered":"Comiss\u00e3o de Sa\u00fade da C\u00e2mara Legislativa cancela vota\u00e7\u00e3o de Projeto sobre Organiza\u00e7\u00f5es Sociais"},"content":{"rendered":"<p style=\"text-align: justify\"><span style=\"font-size: 14pt\">A Comiss\u00e3o de Educa\u00e7\u00e3o, Sa\u00fade e Cultura (CESC) da C\u00e2mara Legislativa cancelou nesta quinta-feira (8), a sess\u00e3o extraordin\u00e1ria em que realizaria a vota\u00e7\u00e3o do Projeto de Lei (PL n\u00b0 1186\/2016) que autoriza a implanta\u00e7\u00e3o das organiza\u00e7\u00f5es sociais (OSs), na gest\u00e3o da sa\u00fade p\u00fablica.<\/span><\/p>\n<p style=\"text-align: justify\"><span style=\"font-size: 14pt\">O presidente da comiss\u00e3o, deputado Reginaldo Veras (PDT), alegou que, diante da aus\u00eancia do relator da mat\u00e9ria, deputado Rafael Prudente (PMDB), n\u00e3o \u201chaveria sentido\u201d na aprecia\u00e7\u00e3o da mat\u00e9ria pelo colegiado. Reginaldo Veras complementou dizendo que \u201co projeto n\u00e3o ser\u00e1 mais avaliado pela comiss\u00e3o no ano de 2016.\u201d No entanto, o PL ainda pode ser votado pelo plen\u00e1rio da Casa.<\/span><\/p>\n<p style=\"text-align: justify\"><span style=\"font-size: 14pt\">A sess\u00e3o extraordin\u00e1ria foi marcada para hoje, ap\u00f3s pedido de vista feito ontem (7) pelo deputado Wasny de Roure (PT). O distrital alegou que n\u00e3o foi poss\u00edvel analisar o relat\u00f3rio (de parecer favor\u00e1vel ao projeto) divulgado na \u00faltima ter\u00e7a-feira (6), e que retirou as 12 emendas apresentadas por Prudente, al\u00e9m de incluir outras propostas.<\/span><\/p>\n<p style=\"text-align: justify\"><span style=\"font-size: 14pt\">O SindEnfermeiro manter\u00e1 a sua postura de total aten\u00e7\u00e3o diante desta demanda extremamente importante para a Sa\u00fade e para o cidad\u00e3o do Distrito Federal.<\/span><\/p>\n","protected":false},"excerpt":{"rendered":"<p>A Comiss\u00e3o de Educa\u00e7\u00e3o, Sa\u00fade e Cultura (CESC) da C\u00e2mara Legislativa cancelou nesta quinta-feira (8), a sess\u00e3o extraordin\u00e1ria em que realizaria a vota\u00e7\u00e3o do Projeto de Lei (PL n\u00b0 1186\/2016) que autoriza a implanta\u00e7\u00e3o das organiza\u00e7\u00f5es sociais (OSs), na gest\u00e3o da sa\u00fade p\u00fablica. O presidente da comiss\u00e3o, deputado Reginaldo Veras (PDT), alegou que, diante da [&hellip;]<\/p>\n","protected":false},"author":6,"featured_media":697,"comment_status":"closed","ping_status":"closed","sticky":false,"template":"","format":"standard","meta":{"footnotes":""},"categories":[6,2],"tags":[],"class_list":["post-694","post","type-post","status-publish","format-standard","has-post-thumbnail","hentry","category-noticias","category-teste"],"_links":{"self":[{"href":"https:\/\/sindenfermeiro.com.br\/index.php\/wp-json\/wp\/v2\/posts\/694","targetHints":{"allow":["GET"]}}],"collection":[{"href":"https:\/\/sindenfermeiro.com.br\/index.php\/wp-json\/wp\/v2\/posts"}],"about":[{"href":"https:\/\/sindenfermeiro.com.br\/index.php\/wp-json\/wp\/v2\/types\/post"}],"author":[{"embeddable":true,"href":"https:\/\/sindenfermeiro.com.br\/index.php\/wp-json\/wp\/v2\/users\/6"}],"replies":[{"embeddable":true,"href":"https:\/\/sindenfermeiro.com.br\/index.php\/wp-json\/wp\/v2\/comments?post=694"}],"version-history":[{"count":1,"href":"https:\/\/sindenfermeiro.com.br\/index.php\/wp-json\/wp\/v2\/posts\/694\/revisions"}],"predecessor-version":[{"id":33005,"href":"https:\/\/sindenfermeiro.com.br\/index.php\/wp-json\/wp\/v2\/posts\/694\/revisions\/33005"}],"wp:featuredmedia":[{"embeddable":true,"href":"https:\/\/sindenfermeiro.com.br\/index.php\/wp-json\/"}],"wp:attachment":[{"href":"https:\/\/sindenfermeiro.com.br\/index.php\/wp-json\/wp\/v2\/media?parent=694"}],"wp:term":[{"taxonomy":"category","embeddable":true,"href":"https:\/\/sindenfermeiro.com.br\/index.php\/wp-json\/wp\/v2\/categories?post=694"},{"taxonomy":"post_tag","embeddable":true,"href":"https:\/\/sindenfermeiro.com.br\/index.php\/wp-json\/wp\/v2\/tags?post=694"}],"curies":[{"name":"wp","href":"https:\/\/api.w.org\/{rel}","templated":true}]}}