{"id":6925,"date":"2019-04-26T12:14:46","date_gmt":"2019-04-26T12:14:46","guid":{"rendered":"http:\/\/www.sindenfermeiro.com.br\/?p=6925"},"modified":"2026-04-26T16:43:06","modified_gmt":"2026-04-26T19:43:06","slug":"sindenfermeiro-participa-do-lancamento-do-forum-distrital-conta-a-reforma-da-previdencia","status":"publish","type":"post","link":"https:\/\/sindenfermeiro.com.br\/index.php\/2019\/04\/26\/sindenfermeiro-participa-do-lancamento-do-forum-distrital-conta-a-reforma-da-previdencia\/","title":{"rendered":"SindEnfermeiro participa do lan\u00e7amento do F\u00f3rum Distrital conta a Reforma da Previd\u00eancia"},"content":{"rendered":"<style type=\"text\/css\">\n#foogallery-gallery-6926 .fg-image { width: 640px; }<\/style>\n\t\t\t<div class=\"foogallery foogallery-container foogallery-image-viewer foogallery-link-image foogallery-lightbox-none fg-center fg-image-viewer fg-ready fg-light fg-border-thin fg-shadow-outline fg-loading-default fg-loaded-fade-in fg-caption-hover fg-hover-fade fg-hover-zoom\" id=\"foogallery-gallery-6926\" data-foogallery=\"{&quot;item&quot;:{&quot;showCaptionTitle&quot;:true,&quot;showCaptionDescription&quot;:true},&quot;lazy&quot;:true,&quot;template&quot;:{&quot;loop&quot;:true}}\" style=\"--fg-title-line-clamp: 0; --fg-description-line-clamp: 0;\" >\n\t<div class=\"fiv-inner\">\n\t\t<div class=\"fiv-inner-container\">\n\t\t\t\t\t<\/div>\n\t\t<div class=\"fiv-ctrls\">\n\t\t\t<button type=\"button\" class=\"fiv-prev\" title=\"Prev\"><span>Prev<\/span><\/button>\n\t\t\t<label class=\"fiv-count\"><span class=\"fiv-count-current\">1<\/span>of<span class=\"fiv-count-total\">40<\/span><\/label>\n\t\t\t<button type=\"button\" class=\"fiv-next\" title=\"Next\"><span>Next<\/span><\/button>\n\t\t<\/div>\n\t<\/div>\n<\/div>\n<p>O secret\u00e1rio-geral do Sindicato dos Enfermeiros do Distrito Federal, Jorge Henrique e os diretores Tarc\u00edsio Faria, Adriano Lim\u00edrio e S\u00e9rgio Lima, participaram na \u00faltima quarta (24), do lan\u00e7amento do F\u00f3rum Distrital conta a Reforma da Previd\u00eancia. O evento aconteceu no Audit\u00f3rio da C\u00e2mara Legislativa do Distrito Federal, e contou com a presen\u00e7a de deputados distritais e federais, representantes de entidades sindicais, de especialistas sobre economia e quest\u00f5es previdenci\u00e1rias, al\u00e9m de membros da sociedade civil.<\/p>\n<p>Entre os especialistas presentes, estavam Maria L\u00facia Fattorelli, coordenadora da Auditoria Cidad\u00e3 da D\u00edvida \u2013 que apresentou um panorama real sobre o que est\u00e1 por tr\u00e1s da proposta de reforma apresentada pelo presidente Jair Bolsonaro, e Maria L\u00facia Lopes, professora do Departamento de Servi\u00e7o Social da Universidade de Bras\u00edlia (UnB) e especialista em seguridade social, que explicou os reflexos da reforma \u00e0 longo prazo para os brasileiros, especialmente aos mais pobres.<\/p>\n<p>Para o secret\u00e1rio-geral, Jorge Henrique, o modelo proposto, al\u00e9m de retirar direitos hist\u00f3ricos dos trabalhadores, real\u00e7a ainda mais as desigualdades sociais t\u00e3o presentes no Brasil. \u201cA Reforma da Previd\u00eancia de Paulo Guedes e Bolsonaro reduz os direitos da popula\u00e7\u00e3o \u00e0 aposentadoria e outros benef\u00edcios. J\u00e1 vivemos em um pa\u00eds muito desigual e, certamente, essa reforma ir\u00e1 piorar as condi\u00e7\u00f5es de vida dos trabalhadores\u201d, afirma.<\/p>\n<p>Jorge ressalta, ainda, o impacto da medida para as categorias que necessitam de condi\u00e7\u00f5es de aposentadoria especiais, como a enfermagem. \u201cA reforma, al\u00e9m de tudo, pode significar o fim da aposentadoria especial aos 25 anos para os trabalhadores que se submetem a condi\u00e7\u00f5es insalubres de trabalho, como os profissionais da enfermagem e outros\u201d, conclui.<\/p>\n<p>O Sindicato dos Enfermeiros do Distrito Federal \u00e9 categoricamente contra a Reforma Previdenci\u00e1ria, pois compreende o impacto que tal proposta causa, sobretudo, nas camadas menos favorecidas da popula\u00e7\u00e3o, contribuindo para a precariza\u00e7\u00e3o das rela\u00e7\u00f5es de trabalho e a consequente perda de direitos hist\u00f3ricos.<\/p>\n","protected":false},"excerpt":{"rendered":"<p>O secret\u00e1rio-geral do Sindicato dos Enfermeiros do Distrito Federal, Jorge Henrique e os diretores Tarc\u00edsio Faria, Adriano Lim\u00edrio e S\u00e9rgio Lima, participaram na \u00faltima quarta (24), do lan\u00e7amento do F\u00f3rum Distrital conta a Reforma da Previd\u00eancia. O evento aconteceu no Audit\u00f3rio da C\u00e2mara Legislativa do Distrito Federal, e contou com a presen\u00e7a de deputados distritais [&hellip;]<\/p>\n","protected":false},"author":6,"featured_media":6870,"comment_status":"closed","ping_status":"closed","sticky":false,"template":"","format":"standard","meta":{"footnotes":""},"categories":[6,13,5],"tags":[7,166,173,21,44,22],"class_list":["post-6925","post","type-post","status-publish","format-standard","has-post-thumbnail","hentry","category-noticias","category-rede-privada","category-rede-publica","tag-enfermagem","tag-enfermagemdf","tag-reforma-da-previdencia","tag-sindenfermeiro","tag-sindenfermeiro-df","tag-sindicato-dos-enfermeiros"],"_links":{"self":[{"href":"https:\/\/sindenfermeiro.com.br\/index.php\/wp-json\/wp\/v2\/posts\/6925","targetHints":{"allow":["GET"]}}],"collection":[{"href":"https:\/\/sindenfermeiro.com.br\/index.php\/wp-json\/wp\/v2\/posts"}],"about":[{"href":"https:\/\/sindenfermeiro.com.br\/index.php\/wp-json\/wp\/v2\/types\/post"}],"author":[{"embeddable":true,"href":"https:\/\/sindenfermeiro.com.br\/index.php\/wp-json\/wp\/v2\/users\/6"}],"replies":[{"embeddable":true,"href":"https:\/\/sindenfermeiro.com.br\/index.php\/wp-json\/wp\/v2\/comments?post=6925"}],"version-history":[{"count":1,"href":"https:\/\/sindenfermeiro.com.br\/index.php\/wp-json\/wp\/v2\/posts\/6925\/revisions"}],"predecessor-version":[{"id":36855,"href":"https:\/\/sindenfermeiro.com.br\/index.php\/wp-json\/wp\/v2\/posts\/6925\/revisions\/36855"}],"wp:featuredmedia":[{"embeddable":true,"href":"https:\/\/sindenfermeiro.com.br\/index.php\/wp-json\/"}],"wp:attachment":[{"href":"https:\/\/sindenfermeiro.com.br\/index.php\/wp-json\/wp\/v2\/media?parent=6925"}],"wp:term":[{"taxonomy":"category","embeddable":true,"href":"https:\/\/sindenfermeiro.com.br\/index.php\/wp-json\/wp\/v2\/categories?post=6925"},{"taxonomy":"post_tag","embeddable":true,"href":"https:\/\/sindenfermeiro.com.br\/index.php\/wp-json\/wp\/v2\/tags?post=6925"}],"curies":[{"name":"wp","href":"https:\/\/api.w.org\/{rel}","templated":true}]}}