{"id":683,"date":"2016-12-08T01:13:32","date_gmt":"2016-12-08T01:13:32","guid":{"rendered":"http:\/\/www.sindenfermeiro.com.br\/?p=683"},"modified":"2026-04-29T06:57:03","modified_gmt":"2026-04-29T09:57:03","slug":"683","status":"publish","type":"post","link":"https:\/\/sindenfermeiro.com.br\/index.php\/2016\/12\/08\/683\/","title":{"rendered":"Convocamos a todos para estarem presentes amanh\u00e3 na C\u00e2mara Legislativa \u00e0s 14h. Est\u00e1 pautada a vota\u00e7\u00e3o do Projeto de Lei 1186 que autoriza implanta\u00e7\u00e3o de OSs no Distrito Federal."},"content":{"rendered":"<p style=\"text-align: justify\"><span style=\"font-size: 14pt\">Aten\u00e7\u00e3o servidores, profissionais da sa\u00fade, concursados, popula\u00e7\u00e3o do Distrito Federal&#8230;<\/span><br \/>\n<span style=\"font-size: 14pt\"> Convocamos a todos para estarem presentes HOJE,\u00a0na C\u00e2mara Legislativa \u00e0s 14h. Est\u00e1 pautada a vota\u00e7\u00e3o do Projeto de Lei 1186 que autoriza implanta\u00e7\u00e3o de OSs no Distrito Federal.<\/span><\/p>\n<p style=\"text-align: justify\"><span style=\"font-size: 14pt\">Lan\u00e7aram esta pauta agora a noite, para n\u00e3o dar tempo de mobilizar os sindicatos , temos que divulgar para lotarmos a C\u00e2mara, ser\u00e1 na sala das comiss\u00f5es \u00e0s 14h.<\/span><br \/>\n<span style=\"font-size: 14pt\"> Esses covardes est\u00e3o fazendo tudo nos bastidores.<\/span><br \/>\n<span style=\"font-size: 14pt\"> N\u00e3o vamos permitir!<\/span><br \/>\n<span style=\"font-size: 14pt\"> A situa\u00e7\u00e3o da sa\u00fade no DF est\u00e1 cr\u00edtica, sucateada e ainda pode piorar.<\/span><\/p>\n<p style=\"text-align: justify\"><span style=\"font-size: 14pt\">Juntos somos mais fortes!<\/span><\/p>\n<p><img loading=\"lazy\" decoding=\"async\" class=\"alignnone size-full wp-image-691\" src=\"http:\/\/www.sindenfermeiro.com.br\/wp-content\/uploads\/2016\/12\/2-3.png\" alt=\"2\" width=\"1200\" height=\"1200\" \/><\/p>\n","protected":false},"excerpt":{"rendered":"<p>Aten\u00e7\u00e3o servidores, profissionais da sa\u00fade, concursados, popula\u00e7\u00e3o do Distrito Federal&#8230; Convocamos a todos para estarem presentes HOJE,\u00a0na C\u00e2mara Legislativa \u00e0s 14h. Est\u00e1 pautada a vota\u00e7\u00e3o do Projeto de Lei 1186 que autoriza implanta\u00e7\u00e3o de OSs no Distrito Federal. Lan\u00e7aram esta pauta agora a noite, para n\u00e3o dar tempo de mobilizar os sindicatos , temos que [&hellip;]<\/p>\n","protected":false},"author":6,"featured_media":684,"comment_status":"closed","ping_status":"closed","sticky":false,"template":"","format":"standard","meta":{"footnotes":""},"categories":[6,2],"tags":[],"class_list":["post-683","post","type-post","status-publish","format-standard","has-post-thumbnail","hentry","category-noticias","category-teste"],"_links":{"self":[{"href":"https:\/\/sindenfermeiro.com.br\/index.php\/wp-json\/wp\/v2\/posts\/683","targetHints":{"allow":["GET"]}}],"collection":[{"href":"https:\/\/sindenfermeiro.com.br\/index.php\/wp-json\/wp\/v2\/posts"}],"about":[{"href":"https:\/\/sindenfermeiro.com.br\/index.php\/wp-json\/wp\/v2\/types\/post"}],"author":[{"embeddable":true,"href":"https:\/\/sindenfermeiro.com.br\/index.php\/wp-json\/wp\/v2\/users\/6"}],"replies":[{"embeddable":true,"href":"https:\/\/sindenfermeiro.com.br\/index.php\/wp-json\/wp\/v2\/comments?post=683"}],"version-history":[{"count":1,"href":"https:\/\/sindenfermeiro.com.br\/index.php\/wp-json\/wp\/v2\/posts\/683\/revisions"}],"predecessor-version":[{"id":11712,"href":"https:\/\/sindenfermeiro.com.br\/index.php\/wp-json\/wp\/v2\/posts\/683\/revisions\/11712"}],"wp:featuredmedia":[{"embeddable":true,"href":"https:\/\/sindenfermeiro.com.br\/index.php\/wp-json\/"}],"wp:attachment":[{"href":"https:\/\/sindenfermeiro.com.br\/index.php\/wp-json\/wp\/v2\/media?parent=683"}],"wp:term":[{"taxonomy":"category","embeddable":true,"href":"https:\/\/sindenfermeiro.com.br\/index.php\/wp-json\/wp\/v2\/categories?post=683"},{"taxonomy":"post_tag","embeddable":true,"href":"https:\/\/sindenfermeiro.com.br\/index.php\/wp-json\/wp\/v2\/tags?post=683"}],"curies":[{"name":"wp","href":"https:\/\/api.w.org\/{rel}","templated":true}]}}