{"id":6827,"date":"2019-04-25T18:39:56","date_gmt":"2019-04-25T18:39:56","guid":{"rendered":"http:\/\/www.sindenfermeiro.com.br\/?p=6827"},"modified":"2026-04-26T16:43:06","modified_gmt":"2026-04-26T19:43:06","slug":"sindenfermeiro-participa-do-lancamento-da-campanha-nursing-now-no-brasil","status":"publish","type":"post","link":"https:\/\/sindenfermeiro.com.br\/index.php\/2019\/04\/25\/sindenfermeiro-participa-do-lancamento-da-campanha-nursing-now-no-brasil\/","title":{"rendered":"SindEnfermeiro participa do lan\u00e7amento da Campanha Nursing Now no Brasil"},"content":{"rendered":"<style type=\"text\/css\">\n#foogallery-gallery-6829 .fg-image { width: 640px; }<\/style>\n\t\t\t<div class=\"foogallery foogallery-container foogallery-image-viewer foogallery-link-image foogallery-lightbox-none fg-center fg-image-viewer fg-ready fg-light fg-border-thin fg-shadow-outline fg-loading-default fg-loaded-fade-in fg-caption-hover fg-hover-fade fg-hover-zoom\" id=\"foogallery-gallery-6829\" data-foogallery=\"{&quot;item&quot;:{&quot;showCaptionTitle&quot;:true,&quot;showCaptionDescription&quot;:true},&quot;lazy&quot;:true,&quot;template&quot;:{&quot;loop&quot;:true}}\" style=\"--fg-title-line-clamp: 0; --fg-description-line-clamp: 0;\" >\n\t<div class=\"fiv-inner\">\n\t\t<div class=\"fiv-inner-container\">\n\t\t\t\t\t<\/div>\n\t\t<div class=\"fiv-ctrls\">\n\t\t\t<button type=\"button\" class=\"fiv-prev\" title=\"Prev\"><span>Prev<\/span><\/button>\n\t\t\t<label class=\"fiv-count\"><span class=\"fiv-count-current\">1<\/span>of<span class=\"fiv-count-total\">49<\/span><\/label>\n\t\t\t<button type=\"button\" class=\"fiv-next\" title=\"Next\"><span>Next<\/span><\/button>\n\t\t<\/div>\n\t<\/div>\n<\/div>\n<p style=\"text-align: justify\">Na \u00faltima quarta (24), o Sindicato dos Enfermeiros do Distrito Federal (SindEnfermeiro-DF) participou do lan\u00e7amento da Campanha Nursing Now. O evento aconteceu no audit\u00f3rio de FioCruz e contou com representantes da Organiza\u00e7\u00e3o Mundial e Sa\u00fade (OMS), do Conselho Internacional de Enfermeiros (CIE), do Conselho Federam de Enfermagem (COFEn), dos Conselhos Regionais de Enfermagem (COREn) de todas as regi\u00f5es do Brasil, al\u00e9m de representa\u00e7\u00f5es sindicais.<\/p>\n<p style=\"text-align: justify\">A Nursing NOW nasceu da parceria entre OMS e CIE para chamar a aten\u00e7\u00e3o dos governos dos pa\u00edses que integram a Organiza\u00e7\u00e3o das Na\u00e7\u00f5es Unidas (ONU), para valorizarem os profissionais de enfermagem. Outro ponto que a campanha aborda \u00e9 o papel essencial desses profissionais para que as metas globais, nacionais e locais de sa\u00fade sejam alcan\u00e7adas.<\/p>\n<p style=\"text-align: justify\">Para o diretor executivo do SindEnfermeiro, Tarc\u00edsio Faria, a campanha tem o intuito de empoderar os enfermeiros, al\u00e9m de chamar a aten\u00e7\u00e3o das autoridades para o papel fundamental dos profissionais em diversos setores da sociedade. \u201cN\u00f3s enquanto institui\u00e7\u00e3o acreditamos que \u00e9 fundamental a presen\u00e7a de enfermeiros nos locais onde as pol\u00edticas p\u00fablicas de sa\u00fade s\u00e3o definidas. S\u00f3 assim as metas de sa\u00fade globais, nacionais e locais ser\u00e3o atingidas. Por isso, o Sindicato dos Enfermeiros ap\u00f3ia e contribui para que a Nursing Now se torne cada vez mais forte no Brasil\u201d, afirma.<\/p>\n<p style=\"text-align: justify\">Entre as metas definidas para o Brasil, est\u00e1 o investimento no fortalecimento da educa\u00e7\u00e3o e no desenvolvimento dos profissionais da enfermagem com o foco na lideran\u00e7a, al\u00e9m da busca pela melhoria das condi\u00e7\u00f5es de trabalho desses profissionais, e a dissemina\u00e7\u00e3o de pr\u00e1ticas de enfermagem efetivas e inovadoras com base em evid\u00eancias cient\u00edficas.<\/p>\n","protected":false},"excerpt":{"rendered":"<p>Na \u00faltima quarta (24), o Sindicato dos Enfermeiros do Distrito Federal (SindEnfermeiro-DF) participou do lan\u00e7amento da Campanha Nursing Now. O evento aconteceu no audit\u00f3rio de FioCruz e contou com representantes da Organiza\u00e7\u00e3o Mundial e Sa\u00fade (OMS), do Conselho Internacional de Enfermeiros (CIE), do Conselho Federam de Enfermagem (COFEn), dos Conselhos Regionais de Enfermagem (COREn) de [&hellip;]<\/p>\n","protected":false},"author":6,"featured_media":6887,"comment_status":"closed","ping_status":"closed","sticky":false,"template":"","format":"standard","meta":{"footnotes":""},"categories":[6,13,5],"tags":[],"class_list":["post-6827","post","type-post","status-publish","format-standard","has-post-thumbnail","hentry","category-noticias","category-rede-privada","category-rede-publica"],"_links":{"self":[{"href":"https:\/\/sindenfermeiro.com.br\/index.php\/wp-json\/wp\/v2\/posts\/6827","targetHints":{"allow":["GET"]}}],"collection":[{"href":"https:\/\/sindenfermeiro.com.br\/index.php\/wp-json\/wp\/v2\/posts"}],"about":[{"href":"https:\/\/sindenfermeiro.com.br\/index.php\/wp-json\/wp\/v2\/types\/post"}],"author":[{"embeddable":true,"href":"https:\/\/sindenfermeiro.com.br\/index.php\/wp-json\/wp\/v2\/users\/6"}],"replies":[{"embeddable":true,"href":"https:\/\/sindenfermeiro.com.br\/index.php\/wp-json\/wp\/v2\/comments?post=6827"}],"version-history":[{"count":1,"href":"https:\/\/sindenfermeiro.com.br\/index.php\/wp-json\/wp\/v2\/posts\/6827\/revisions"}],"predecessor-version":[{"id":36975,"href":"https:\/\/sindenfermeiro.com.br\/index.php\/wp-json\/wp\/v2\/posts\/6827\/revisions\/36975"}],"wp:featuredmedia":[{"embeddable":true,"href":"https:\/\/sindenfermeiro.com.br\/index.php\/wp-json\/"}],"wp:attachment":[{"href":"https:\/\/sindenfermeiro.com.br\/index.php\/wp-json\/wp\/v2\/media?parent=6827"}],"wp:term":[{"taxonomy":"category","embeddable":true,"href":"https:\/\/sindenfermeiro.com.br\/index.php\/wp-json\/wp\/v2\/categories?post=6827"},{"taxonomy":"post_tag","embeddable":true,"href":"https:\/\/sindenfermeiro.com.br\/index.php\/wp-json\/wp\/v2\/tags?post=6827"}],"curies":[{"name":"wp","href":"https:\/\/api.w.org\/{rel}","templated":true}]}}