{"id":6802,"date":"2019-04-17T20:18:31","date_gmt":"2019-04-17T20:18:31","guid":{"rendered":"http:\/\/www.sindenfermeiro.com.br\/?p=6802"},"modified":"2026-04-26T19:00:52","modified_gmt":"2026-04-26T22:00:52","slug":"sindenfermeiro-protocola-oficio-a-ses-df-denunciando-irregularidades-encontradas-no-hrbz","status":"publish","type":"post","link":"https:\/\/sindenfermeiro.com.br\/index.php\/2019\/04\/17\/sindenfermeiro-protocola-oficio-a-ses-df-denunciando-irregularidades-encontradas-no-hrbz\/","title":{"rendered":"SindEnfermeiro protocola of\u00edcio \u00e0 SES-DF denunciando irregularidades encontradas no HRBz"},"content":{"rendered":"<style type=\"text\/css\">\n#foogallery-gallery-6698 .fg-image { width: 640px; }<\/style>\n\t\t\t<div class=\"foogallery foogallery-container foogallery-image-viewer foogallery-link-image foogallery-lightbox-none fg-center fg-image-viewer fg-ready fg-light fg-border-thin fg-shadow-outline fg-loading-default fg-loaded-fade-in fg-caption-hover fg-hover-fade fg-hover-zoom\" id=\"foogallery-gallery-6698\" data-foogallery=\"{&quot;item&quot;:{&quot;showCaptionTitle&quot;:true,&quot;showCaptionDescription&quot;:true},&quot;lazy&quot;:true,&quot;template&quot;:{&quot;loop&quot;:true}}\" style=\"--fg-title-line-clamp: 0; --fg-description-line-clamp: 0;\" >\n\t<div class=\"fiv-inner\">\n\t\t<div class=\"fiv-inner-container\">\n\t\t\t\t\t<\/div>\n\t\t<div class=\"fiv-ctrls\">\n\t\t\t<button type=\"button\" class=\"fiv-prev\" title=\"Prev\"><span>Prev<\/span><\/button>\n\t\t\t<label class=\"fiv-count\"><span class=\"fiv-count-current\">1<\/span>of<span class=\"fiv-count-total\">7<\/span><\/label>\n\t\t\t<button type=\"button\" class=\"fiv-next\" title=\"Next\"><span>Next<\/span><\/button>\n\t\t<\/div>\n\t<\/div>\n<\/div>\n<p>O Sindicato dos Enfermeiros do Distrito Federal (SindEnfermeiro-DF), protocolou, na \u00faltima segunda-feira (15), um of\u00edcio \u00e0 Secretaria de Sa\u00fade do Distrito Federal (SES-DF), em que relata e solicita a tomada de medidas quanto \u00e0s diversas irregularidades encontradas na emerg\u00eancia pedi\u00e1trica do Hospital Regional de Brazl\u00e2ndia (HRBz), durante a visita realizada no \u00faltimo dia 03 de abril.<\/p>\n<p>Entre os problemas abordados no documento, est\u00e3o a superlota\u00e7\u00e3o da emerg\u00eancia pedi\u00e1trica \u2013 que apesar de ter capacidade para apenas 12 leitos, possui uma m\u00e9dia de 30 pacientes por plant\u00e3o, al\u00e9m da falta de profissionais \u2013 a unidade conta com um d\u00e9ficit de 46 enfermeiros em regime de 20h, segundo informa\u00e7\u00f5es da chefia de enfermagem do hospital.<\/p>\n<p>O hospital sofre com diversas limita\u00e7\u00f5es de espa\u00e7o f\u00edsico e indisponibilidade de ber\u00e7os, macas e outros insumos \u2013 o que obriga pais e pacientes a improvisarem os espa\u00e7os com len\u00e7\u00f3is, colchonetes e at\u00e9 beb\u00eas-conforto. Al\u00e9m disso, os registros do livro de enfermagem anexados ao of\u00edcio relatam que os t\u00e9cnicos em enfermagem estavam cumprindo escalas sem a supervis\u00e3o de um enfermeiro \u2013 o que contraria a Lei n\u00ba 7498\/86.<\/p>\n<p>O SindEnfermeiro continuar\u00e1 acompanhando os desdobramentos relacionados \u00e0 situa\u00e7\u00e3o do Hospital Regional de Brazl\u00e2ndia, e reitera o seu compromisso em buscar solu\u00e7\u00f5es em prol da sa\u00fade do DF, e estabelecer o di\u00e1logo n\u00e3o somente com a categoria, mas tamb\u00e9m com a popula\u00e7\u00e3o, lutando juntos em prol de uma assist\u00eancia de qualidade.<\/p>\n<p><strong>Entenda o caso:<\/strong><\/p>\n<p>No dia 03 de abril, o SindEnfermeiro\u2013DF, atrav\u00e9s da presidente do sindicato, Dayse Amar\u00edlio, e do diretor-executivo, Tarc\u00edsio Faria estiveram no Hospital Regional de Brazl\u00e2ndia (HRBz), para averiguar den\u00fancias de irregularidades na emerg\u00eancia pedi\u00e1trica da unidade \u2013 e constataram o d\u00e9ficit de recursos materiais \u2013 como insumos e espa\u00e7os para acomoda\u00e7\u00e3o dos pacientes \u2013 e humanos, com um d\u00e9ficit de mais de 40 enfermeiros, al\u00e9m da superlota\u00e7\u00e3o.<\/p>\n<p>Na ocasi\u00e3o, a dire\u00e7\u00e3o do sindicato assumiu o compromisso com os profissionais da unidade de buscar os meios legais, notificando os gestores do hospital, al\u00e9m dos \u00f3rg\u00e3os de regula\u00e7\u00e3o como o Conselho Regional de Enfermagem (COREN-DF), o Minist\u00e9rio P\u00fablico do Distrito Federal e Territ\u00f3rios (MPDFT) e a Defensoria P\u00fablica do Distrito Federal (DP-DF), com o intuito de buscar uma solu\u00e7\u00e3o para o estado calamitoso em que se encontra o hospital.<\/p>\n<p>O documento completo pode ser visualizado <a href=\"http:\/\/www.sindenfermeiro.com.br\/wp-content\/uploads\/2019\/04\/Of\u00edcio-Den\u00fancia-HRBz.pdf\">aqui.<\/a><\/p>\n","protected":false},"excerpt":{"rendered":"<p>O Sindicato dos Enfermeiros do Distrito Federal (SindEnfermeiro-DF), protocolou, na \u00faltima segunda-feira (15), um of\u00edcio \u00e0 Secretaria de Sa\u00fade do Distrito Federal (SES-DF), em que relata e solicita a tomada de medidas quanto \u00e0s diversas irregularidades encontradas na emerg\u00eancia pedi\u00e1trica do Hospital Regional de Brazl\u00e2ndia (HRBz), durante a visita realizada no \u00faltimo dia 03 de [&hellip;]<\/p>\n","protected":false},"author":6,"featured_media":6702,"comment_status":"closed","ping_status":"closed","sticky":false,"template":"","format":"standard","meta":{"footnotes":""},"categories":[6,5],"tags":[230,54,109,90,81,44],"class_list":["post-6802","post","type-post","status-publish","format-standard","has-post-thumbnail","hentry","category-noticias","category-rede-publica","tag-brazlandia","tag-enfermeiros","tag-fiscaliza-sindenfermeiro","tag-saude-publica","tag-ses-df","tag-sindenfermeiro-df"],"_links":{"self":[{"href":"https:\/\/sindenfermeiro.com.br\/index.php\/wp-json\/wp\/v2\/posts\/6802","targetHints":{"allow":["GET"]}}],"collection":[{"href":"https:\/\/sindenfermeiro.com.br\/index.php\/wp-json\/wp\/v2\/posts"}],"about":[{"href":"https:\/\/sindenfermeiro.com.br\/index.php\/wp-json\/wp\/v2\/types\/post"}],"author":[{"embeddable":true,"href":"https:\/\/sindenfermeiro.com.br\/index.php\/wp-json\/wp\/v2\/users\/6"}],"replies":[{"embeddable":true,"href":"https:\/\/sindenfermeiro.com.br\/index.php\/wp-json\/wp\/v2\/comments?post=6802"}],"version-history":[{"count":1,"href":"https:\/\/sindenfermeiro.com.br\/index.php\/wp-json\/wp\/v2\/posts\/6802\/revisions"}],"predecessor-version":[{"id":29453,"href":"https:\/\/sindenfermeiro.com.br\/index.php\/wp-json\/wp\/v2\/posts\/6802\/revisions\/29453"}],"wp:featuredmedia":[{"embeddable":true,"href":"https:\/\/sindenfermeiro.com.br\/index.php\/wp-json\/"}],"wp:attachment":[{"href":"https:\/\/sindenfermeiro.com.br\/index.php\/wp-json\/wp\/v2\/media?parent=6802"}],"wp:term":[{"taxonomy":"category","embeddable":true,"href":"https:\/\/sindenfermeiro.com.br\/index.php\/wp-json\/wp\/v2\/categories?post=6802"},{"taxonomy":"post_tag","embeddable":true,"href":"https:\/\/sindenfermeiro.com.br\/index.php\/wp-json\/wp\/v2\/tags?post=6802"}],"curies":[{"name":"wp","href":"https:\/\/api.w.org\/{rel}","templated":true}]}}