{"id":6799,"date":"2019-04-17T15:36:06","date_gmt":"2019-04-17T15:36:06","guid":{"rendered":"http:\/\/www.sindenfermeiro.com.br\/?p=6799"},"modified":"2026-04-26T16:42:05","modified_gmt":"2026-04-26T19:42:05","slug":"lancamento-do-forum-distrital-contra-a-reforma-da-previdencia","status":"publish","type":"post","link":"https:\/\/sindenfermeiro.com.br\/index.php\/2019\/04\/17\/lancamento-do-forum-distrital-contra-a-reforma-da-previdencia\/","title":{"rendered":"Lan\u00e7amento do F\u00f3rum Distrital Contra a Reforma da Previd\u00eancia"},"content":{"rendered":"<p><img loading=\"lazy\" decoding=\"async\" class=\" wp-image-6800 aligncenter\" src=\"http:\/\/www.sindenfermeiro.com.br\/wp-content\/uploads\/2019\/04\/WhatsApp-Image-2019-04-17-at-12.27.41-636x900.jpeg\" alt=\"\" width=\"558\" height=\"790\" \/><\/p>\n<p>O SindEnfermeiro-DF convida todos os enfermeiros a participarem na pr\u00f3xima quarta (24\/04), a partir das 19hrs, do lan\u00e7amento do F\u00f3rum Distrital Contra a Reforma da Previd\u00eancia, no audit\u00f3rio no audit\u00f3rio da C\u00e2mara Legislativa do Distrito Federal (CLDF). \u00c9 muito importante que toda a categoria entenda o que a Reforma da Previd\u00eancia far\u00e1 com os trabalhadores da enfermagem. Por isso, a enfermagem precisa estar unida, para que juntos possamos lutar contra mais esse ataque ao trabalhador!<\/p>\n<p>Lan\u00e7amento do F\u00f3rum Distrital Contra a Reforma da Previd\u00eancia<\/p>\n<p>&#x1f3db; Local: Audit\u00f3rio da CLDF<br \/>\n&#x1f4c6; Data: 24 de abril (quarta-feira)<br \/>\n&#x23f0; Hor\u00e1rio: 19hrs<\/p>\n","protected":false},"excerpt":{"rendered":"<p>O SindEnfermeiro-DF convida todos os enfermeiros a participarem na pr\u00f3xima quarta (24\/04), a partir das 19hrs, do lan\u00e7amento do F\u00f3rum Distrital Contra a Reforma da Previd\u00eancia, no audit\u00f3rio no audit\u00f3rio da C\u00e2mara Legislativa do Distrito Federal (CLDF). \u00c9 muito importante que toda a categoria entenda o que a Reforma da Previd\u00eancia far\u00e1 com os trabalhadores [&hellip;]<\/p>\n","protected":false},"author":6,"featured_media":6800,"comment_status":"closed","ping_status":"closed","sticky":false,"template":"","format":"standard","meta":{"footnotes":""},"categories":[6,13,5],"tags":[],"class_list":["post-6799","post","type-post","status-publish","format-standard","has-post-thumbnail","hentry","category-noticias","category-rede-privada","category-rede-publica"],"_links":{"self":[{"href":"https:\/\/sindenfermeiro.com.br\/index.php\/wp-json\/wp\/v2\/posts\/6799","targetHints":{"allow":["GET"]}}],"collection":[{"href":"https:\/\/sindenfermeiro.com.br\/index.php\/wp-json\/wp\/v2\/posts"}],"about":[{"href":"https:\/\/sindenfermeiro.com.br\/index.php\/wp-json\/wp\/v2\/types\/post"}],"author":[{"embeddable":true,"href":"https:\/\/sindenfermeiro.com.br\/index.php\/wp-json\/wp\/v2\/users\/6"}],"replies":[{"embeddable":true,"href":"https:\/\/sindenfermeiro.com.br\/index.php\/wp-json\/wp\/v2\/comments?post=6799"}],"version-history":[{"count":1,"href":"https:\/\/sindenfermeiro.com.br\/index.php\/wp-json\/wp\/v2\/posts\/6799\/revisions"}],"predecessor-version":[{"id":29407,"href":"https:\/\/sindenfermeiro.com.br\/index.php\/wp-json\/wp\/v2\/posts\/6799\/revisions\/29407"}],"wp:featuredmedia":[{"embeddable":true,"href":"https:\/\/sindenfermeiro.com.br\/index.php\/wp-json\/"}],"wp:attachment":[{"href":"https:\/\/sindenfermeiro.com.br\/index.php\/wp-json\/wp\/v2\/media?parent=6799"}],"wp:term":[{"taxonomy":"category","embeddable":true,"href":"https:\/\/sindenfermeiro.com.br\/index.php\/wp-json\/wp\/v2\/categories?post=6799"},{"taxonomy":"post_tag","embeddable":true,"href":"https:\/\/sindenfermeiro.com.br\/index.php\/wp-json\/wp\/v2\/tags?post=6799"}],"curies":[{"name":"wp","href":"https:\/\/api.w.org\/{rel}","templated":true}]}}