{"id":6744,"date":"2019-04-17T12:40:03","date_gmt":"2019-04-17T12:40:03","guid":{"rendered":"http:\/\/www.sindenfermeiro.com.br\/?p=6744"},"modified":"2026-04-26T16:43:56","modified_gmt":"2026-04-26T19:43:56","slug":"sindenfermeiro-marca-presenca-na-audiencia-sobre-as-30-horas-da-enfermagem","status":"publish","type":"post","link":"https:\/\/sindenfermeiro.com.br\/index.php\/2019\/04\/17\/sindenfermeiro-marca-presenca-na-audiencia-sobre-as-30-horas-da-enfermagem\/","title":{"rendered":"SindEnfermeiro marca presen\u00e7a na audi\u00eancia sobre as 30 horas da enfermagem"},"content":{"rendered":"<div id=\"js_7\" class=\"_5pbx userContent _3576\" data-ft=\"{&quot;tn&quot;:&quot;K&quot;}\">\n<style type=\"text\/css\">\n#foogallery-gallery-6746 .fg-image { width: 640px; }<\/style>\n\t\t\t<div class=\"foogallery foogallery-container foogallery-image-viewer foogallery-link-image foogallery-lightbox-none fg-center fg-image-viewer fg-ready fg-light fg-border-thin fg-shadow-outline fg-loading-default fg-loaded-fade-in fg-caption-hover fg-hover-fade fg-hover-zoom\" id=\"foogallery-gallery-6746\" data-foogallery=\"{&quot;item&quot;:{&quot;showCaptionTitle&quot;:true,&quot;showCaptionDescription&quot;:true},&quot;lazy&quot;:true,&quot;template&quot;:{&quot;loop&quot;:true}}\" style=\"--fg-title-line-clamp: 0; --fg-description-line-clamp: 0;\" >\n\t<div class=\"fiv-inner\">\n\t\t<div class=\"fiv-inner-container\">\n\t\t\t\t\t<\/div>\n\t\t<div class=\"fiv-ctrls\">\n\t\t\t<button type=\"button\" class=\"fiv-prev\" title=\"Prev\"><span>Prev<\/span><\/button>\n\t\t\t<label class=\"fiv-count\"><span class=\"fiv-count-current\">1<\/span>of<span class=\"fiv-count-total\">48<\/span><\/label>\n\t\t\t<button type=\"button\" class=\"fiv-next\" title=\"Next\"><span>Next<\/span><\/button>\n\t\t<\/div>\n\t<\/div>\n<\/div>\n<p>O Sindicato dos Enfermeiros do Distrito Federal (SindEnfermeiro-DF) participou na manh\u00e3 desta ter\u00e7a (16), da Audi\u00eancia P\u00fablica que debateu o Projeto de Lei 2295\/2000, que trata ta institui\u00e7\u00e3o da jornada de trabalho para os profissionais da enfermagem de todo o Brasil. A audi\u00eancia aconteceu no Plen\u00e1rio 02 da C\u00e2mara dos Deputados e foi realizado pela Comiss\u00e3o de Legisla\u00e7\u00e3o Participativa e contou com a participa\u00e7\u00e3o de parlamentares, do Conselho Federal de Enfermagem (COFEN), dos Conselhos Regionais de Enfermagem dos estados (COREns), al\u00e9m de representa\u00e7\u00f5es sindicais de enfermeiros e auxiliares e t\u00e9cnicos em enfermagem.<\/p>\n<p>Para o diretor executivo do SindEnfermeiro, Tarc\u00edsio Faria, quando esse tipo de debate \u00e9 feito, est\u00e1 sendo discutida qualidade de vida, n\u00e3o s\u00f3 dos profissionais de enfermagem, mas tamb\u00e9m para os pacientes. \u201cA enfermagem \u00e9 a categoria que mais sofre com doen\u00e7as relacionadas ao trabalho, como por exemplo, LER (Les\u00e3o por Esfor\u00e7o Repetitivo), doen\u00e7as ergon\u00f4micas e transtornos psiqui\u00e1tricos que podem levar auto-exterm\u00ednio. A aprova\u00e7\u00e3o das 30 horas \u00e9 uma quest\u00e3o de justi\u00e7a para a enfermagem\u201d, afirma.<\/p>\n<p>Segundo Tarc\u00edsio, \u201cos Poderes Executivo e Legislativo fecham os olhos e s\u00e3o negligentes com a situa\u00e7\u00e3o da jornada extremamente cansativa que os profissionais da enfermagem t\u00eam no Brasil\u201d. Ele chama a aten\u00e7\u00e3o para a orienta\u00e7\u00e3o de \u00f3rg\u00e3os internacionais sobre a carga-hor\u00e1ria dos trabalhadores da sa\u00fade. \u201cA Organiza\u00e7\u00e3o Mundial da Sa\u00fade (OMS) e a Organiza\u00e7\u00e3o Internacional do Trabalho (OIT) j\u00e1 chamaram a aten\u00e7\u00e3o para o fato de que profissionais que trabalham com a dor, a morte e com o sofrimento alheio n\u00e3o devem trabalhar mais que 30 horas semanais\u201d, completa.<\/p>\n<p>No final da audi\u00eancia, o deputado federal Frei Anast\u00e1cio Ribeiro (PT-PB) assegurou a todos os participantes que se reunir\u00e1 com o presidente de C\u00e2mara, Rodrigo Maia (DEM-RJ), para colocar o PL na pauta da Casa. O SindEnfermeiro acompanhar\u00e1 de perto a tramita\u00e7\u00e3o na mat\u00e9ria na C\u00e2mara, uma vez que esse tipo de projeto \u00e9 de extrema import\u00e2ncia n\u00e3o s\u00f3 para os enfermeiros, mas para todos os trabalhadores da enfermagem.<\/p>\n<\/div>\n<div class=\"_3x-2\" data-ft=\"{&quot;tn&quot;:&quot;H&quot;}\">\n<div data-ft=\"{&quot;tn&quot;:&quot;H&quot;}\">\n<div class=\"mtm\">\n<div class=\"_2a2q _65sr\"><\/div>\n<\/div>\n<\/div>\n<\/div>\n","protected":false},"excerpt":{"rendered":"<p>O Sindicato dos Enfermeiros do Distrito Federal (SindEnfermeiro-DF) participou na manh\u00e3 desta ter\u00e7a (16), da Audi\u00eancia P\u00fablica que debateu o Projeto de Lei 2295\/2000, que trata ta institui\u00e7\u00e3o da jornada de trabalho para os profissionais da enfermagem de todo o Brasil. A audi\u00eancia aconteceu no Plen\u00e1rio 02 da C\u00e2mara dos Deputados e foi realizado pela [&hellip;]<\/p>\n","protected":false},"author":6,"featured_media":6791,"comment_status":"closed","ping_status":"closed","sticky":false,"template":"","format":"standard","meta":{"footnotes":""},"categories":[6,13,5],"tags":[228,229,7,166,21,172],"class_list":["post-6744","post","type-post","status-publish","format-standard","has-post-thumbnail","hentry","category-noticias","category-rede-privada","category-rede-publica","tag-30-horas","tag-camara-dos-deputados","tag-enfermagem","tag-enfermagemdf","tag-sindenfermeiro","tag-sindicato-dos-enfermeiros-do-distrito-federal"],"_links":{"self":[{"href":"https:\/\/sindenfermeiro.com.br\/index.php\/wp-json\/wp\/v2\/posts\/6744","targetHints":{"allow":["GET"]}}],"collection":[{"href":"https:\/\/sindenfermeiro.com.br\/index.php\/wp-json\/wp\/v2\/posts"}],"about":[{"href":"https:\/\/sindenfermeiro.com.br\/index.php\/wp-json\/wp\/v2\/types\/post"}],"author":[{"embeddable":true,"href":"https:\/\/sindenfermeiro.com.br\/index.php\/wp-json\/wp\/v2\/users\/6"}],"replies":[{"embeddable":true,"href":"https:\/\/sindenfermeiro.com.br\/index.php\/wp-json\/wp\/v2\/comments?post=6744"}],"version-history":[{"count":1,"href":"https:\/\/sindenfermeiro.com.br\/index.php\/wp-json\/wp\/v2\/posts\/6744\/revisions"}],"predecessor-version":[{"id":36758,"href":"https:\/\/sindenfermeiro.com.br\/index.php\/wp-json\/wp\/v2\/posts\/6744\/revisions\/36758"}],"wp:featuredmedia":[{"embeddable":true,"href":"https:\/\/sindenfermeiro.com.br\/index.php\/wp-json\/"}],"wp:attachment":[{"href":"https:\/\/sindenfermeiro.com.br\/index.php\/wp-json\/wp\/v2\/media?parent=6744"}],"wp:term":[{"taxonomy":"category","embeddable":true,"href":"https:\/\/sindenfermeiro.com.br\/index.php\/wp-json\/wp\/v2\/categories?post=6744"},{"taxonomy":"post_tag","embeddable":true,"href":"https:\/\/sindenfermeiro.com.br\/index.php\/wp-json\/wp\/v2\/tags?post=6744"}],"curies":[{"name":"wp","href":"https:\/\/api.w.org\/{rel}","templated":true}]}}