{"id":6733,"date":"2019-04-15T13:51:48","date_gmt":"2019-04-15T13:51:48","guid":{"rendered":"http:\/\/www.sindenfermeiro.com.br\/?p=6733"},"modified":"2026-04-26T15:27:04","modified_gmt":"2026-04-26T18:27:04","slug":"eleicoes-sindenfermeiro-votacao-em-todo-o-distrito-federal","status":"publish","type":"post","link":"https:\/\/sindenfermeiro.com.br\/index.php\/2019\/04\/15\/eleicoes-sindenfermeiro-votacao-em-todo-o-distrito-federal\/","title":{"rendered":"Elei\u00e7\u00f5es SindEnfermeiro: vota\u00e7\u00e3o em todo o Distrito Federal"},"content":{"rendered":"<p><img loading=\"lazy\" decoding=\"async\" class=\" wp-image-6734 aligncenter\" src=\"http:\/\/www.sindenfermeiro.com.br\/wp-content\/uploads\/2019\/04\/elei\u00e7\u00f5es-900x875.jpg\" alt=\"\" width=\"386\" height=\"375\" \/><\/p>\n<p>Nos dias 11 e 12 de abril (quinta e sexta) aconteceram as elei\u00e7\u00f5es para o Sindicato dos Enfermeiros do Distrito Federal (SindEnfermeiro-DF). Os sindicalizados puderam votar em todos os hospitais regionais do DF, na sede do sindicato e por meio de urnas volantes, que percorreram UPAs e Centros de Sa\u00fade. As urnas funcionaram de 07 da manh\u00e3 \u00e0s 07 da noite, durante os dois dias.<\/p>\n<p>A Chapa InovA\u00c7\u00c3O, atualmente \u00e0 frente do SindEnfermeiro, foi a \u00fanica a participar do pleito. Liderada por Dayse Amar\u00edlio, na presid\u00eancia, Jorge Henrique, como secret\u00e1rio-geral, al\u00e9m de M\u00e1rcio da Mata e Tarc\u00edsio Faria, como diretores financeiros, a chapa possui ao todo 21 integrantes que representam todas as superintend\u00eancias de sa\u00fade do DF. Esta nova gest\u00e3o cumprir\u00e1 o mandato de 2019 a 2022.<\/p>\n<p>A Chapa InovA\u00c7\u00c3O acredita que uma enfermagem empoderada \u00e9 uma enfermagem mais forte. Desde a gest\u00e3o passada, trabalha em diversos aspectos que ser\u00e3o intensificados durante os pr\u00f3ximos anos, entre eles: a isonomia salarial com os odont\u00f3logos, folgas compensat\u00f3rias para os enfermeiros, piso salarial para a Rede Privada, nomea\u00e7\u00e3o de enfermeiros generalistas e especialistas, cursos de forma\u00e7\u00e3o cont\u00ednua para os trabalhadores da sa\u00fade.<\/p>\n","protected":false},"excerpt":{"rendered":"<p>Nos dias 11 e 12 de abril (quinta e sexta) aconteceram as elei\u00e7\u00f5es para o Sindicato dos Enfermeiros do Distrito Federal (SindEnfermeiro-DF). Os sindicalizados puderam votar em todos os hospitais regionais do DF, na sede do sindicato e por meio de urnas volantes, que percorreram UPAs e Centros de Sa\u00fade. As urnas funcionaram de 07 [&hellip;]<\/p>\n","protected":false},"author":6,"featured_media":6734,"comment_status":"closed","ping_status":"closed","sticky":false,"template":"","format":"standard","meta":{"footnotes":""},"categories":[6,13,5],"tags":[226,7,99,21,22],"class_list":["post-6733","post","type-post","status-publish","format-standard","has-post-thumbnail","hentry","category-noticias","category-rede-privada","category-rede-publica","tag-eleicoes-sindicais","tag-enfermagem","tag-enfermagem-df","tag-sindenfermeiro","tag-sindicato-dos-enfermeiros"],"_links":{"self":[{"href":"https:\/\/sindenfermeiro.com.br\/index.php\/wp-json\/wp\/v2\/posts\/6733","targetHints":{"allow":["GET"]}}],"collection":[{"href":"https:\/\/sindenfermeiro.com.br\/index.php\/wp-json\/wp\/v2\/posts"}],"about":[{"href":"https:\/\/sindenfermeiro.com.br\/index.php\/wp-json\/wp\/v2\/types\/post"}],"author":[{"embeddable":true,"href":"https:\/\/sindenfermeiro.com.br\/index.php\/wp-json\/wp\/v2\/users\/6"}],"replies":[{"embeddable":true,"href":"https:\/\/sindenfermeiro.com.br\/index.php\/wp-json\/wp\/v2\/comments?post=6733"}],"version-history":[{"count":1,"href":"https:\/\/sindenfermeiro.com.br\/index.php\/wp-json\/wp\/v2\/posts\/6733\/revisions"}],"predecessor-version":[{"id":37024,"href":"https:\/\/sindenfermeiro.com.br\/index.php\/wp-json\/wp\/v2\/posts\/6733\/revisions\/37024"}],"wp:featuredmedia":[{"embeddable":true,"href":"https:\/\/sindenfermeiro.com.br\/index.php\/wp-json\/"}],"wp:attachment":[{"href":"https:\/\/sindenfermeiro.com.br\/index.php\/wp-json\/wp\/v2\/media?parent=6733"}],"wp:term":[{"taxonomy":"category","embeddable":true,"href":"https:\/\/sindenfermeiro.com.br\/index.php\/wp-json\/wp\/v2\/categories?post=6733"},{"taxonomy":"post_tag","embeddable":true,"href":"https:\/\/sindenfermeiro.com.br\/index.php\/wp-json\/wp\/v2\/tags?post=6733"}],"curies":[{"name":"wp","href":"https:\/\/api.w.org\/{rel}","templated":true}]}}