{"id":6720,"date":"2019-04-10T12:56:23","date_gmt":"2019-04-10T12:56:23","guid":{"rendered":"http:\/\/www.sindenfermeiro.com.br\/?p=6720"},"modified":"2026-04-26T15:24:28","modified_gmt":"2026-04-26T18:24:28","slug":"as-eleicoes-do-sindenfermeiro-comecam-amanha","status":"publish","type":"post","link":"https:\/\/sindenfermeiro.com.br\/index.php\/2019\/04\/10\/as-eleicoes-do-sindenfermeiro-comecam-amanha\/","title":{"rendered":"As elei\u00e7\u00f5es do SindEnfermeiro come\u00e7am amanh\u00e3"},"content":{"rendered":"<p>Enfermeiros sindicalizados, as elei\u00e7\u00f5es come\u00e7am amanh\u00e3, fiquem atentos e saibam mais:<\/p>\n<p>Nos dias 11 e 12 de abril (quinta e sexta) ir\u00e3o acontecer as elei\u00e7\u00f5es do Sindicato dos Enfermeiros do Distrito Federal.<br \/>\nPara que o pleito seja validado, \u00e9 necess\u00e1rio que haja qu\u00f3rum m\u00ednimo, por isso, \u00e9 muito importante que todos os enfermeiros sindicalizados votem!<br \/>\nO hor\u00e1rio de vota\u00e7\u00e3o ser\u00e1 das 08h \u00e0s 19h, com urnas em todos os hospitais regionais, al\u00e9m de urnas volantes em todas as regi\u00f5es.<br \/>\nPara votar basta apresentar um documento oficial com foto ou crach\u00e1.<\/p>\n<p><em><strong>Participe. O futuro da enfermagem depende de voc\u00ea. Vote!<\/strong><\/em><\/p>\n<p><b>Servi\u00e7o:<\/b><\/p>\n<p>&#x1f3db; <strong>Local:<\/strong> urnas em TODOS os hospitais regionais e urnas volantes em todas as regi\u00f5es.<br \/>\n&#x1f4c6; <strong>Data:<\/strong> 11 e 12 de abril (quinta e sexta-feira)<br \/>\n&#x23f0; <strong>Hor\u00e1rio:<\/strong> de 08h \u00e0s 19h.<\/p>\n<p>&nbsp;<\/p>\n<p><img loading=\"lazy\" decoding=\"async\" class=\"alignnone size-medium wp-image-6688\" src=\"http:\/\/www.sindenfermeiro.com.br\/wp-content\/uploads\/2019\/04\/Cartaz-Elei\u00e7\u00f5es-639x900.jpg\" alt=\"\" width=\"639\" height=\"900\" \/><\/p>\n<p><strong>Locais de vota\u00e7\u00e3o &#8211; Elei\u00e7\u00f5es SindEnfermeiro<\/strong><\/p>\n<p>Sede do Sindicato dos Enfermeiros do DF<br \/>\nInstituto Hospital de Base<br \/>\nHMIB<br \/>\nHRAN<br \/>\nHospital Regional de Sobradinho<br \/>\nHospital Regional de Planaltina<br \/>\nHospital Regional do Guar\u00e1<br \/>\nHospital Regional de Taguatinga<br \/>\nHospital Regional da Ceil\u00e2ndia<br \/>\nHospital Regional de Brazl\u00e2ndia<br \/>\nHospital Regional do Gama<br \/>\nHospital Regional de Santa Maria<br \/>\nHospital Regional de Samambaia<br \/>\nHospital Regional do Parano\u00e1<br \/>\nADMC<\/p>\n","protected":false},"excerpt":{"rendered":"<p>Enfermeiros sindicalizados, as elei\u00e7\u00f5es come\u00e7am amanh\u00e3, fiquem atentos e saibam mais: Nos dias 11 e 12 de abril (quinta e sexta) ir\u00e3o acontecer as elei\u00e7\u00f5es do Sindicato dos Enfermeiros do Distrito Federal. Para que o pleito seja validado, \u00e9 necess\u00e1rio que haja qu\u00f3rum m\u00ednimo, por isso, \u00e9 muito importante que todos os enfermeiros sindicalizados votem! [&hellip;]<\/p>\n","protected":false},"author":6,"featured_media":6689,"comment_status":"closed","ping_status":"closed","sticky":false,"template":"","format":"standard","meta":{"footnotes":""},"categories":[6,13,5],"tags":[225,153,101,7,43,21],"class_list":["post-6720","post","type-post","status-publish","format-standard","has-post-thumbnail","hentry","category-noticias","category-rede-privada","category-rede-publica","tag-225","tag-distrito-federal","tag-eleicoes","tag-enfermagem","tag-saude","tag-sindenfermeiro"],"_links":{"self":[{"href":"https:\/\/sindenfermeiro.com.br\/index.php\/wp-json\/wp\/v2\/posts\/6720","targetHints":{"allow":["GET"]}}],"collection":[{"href":"https:\/\/sindenfermeiro.com.br\/index.php\/wp-json\/wp\/v2\/posts"}],"about":[{"href":"https:\/\/sindenfermeiro.com.br\/index.php\/wp-json\/wp\/v2\/types\/post"}],"author":[{"embeddable":true,"href":"https:\/\/sindenfermeiro.com.br\/index.php\/wp-json\/wp\/v2\/users\/6"}],"replies":[{"embeddable":true,"href":"https:\/\/sindenfermeiro.com.br\/index.php\/wp-json\/wp\/v2\/comments?post=6720"}],"version-history":[{"count":1,"href":"https:\/\/sindenfermeiro.com.br\/index.php\/wp-json\/wp\/v2\/posts\/6720\/revisions"}],"predecessor-version":[{"id":18191,"href":"https:\/\/sindenfermeiro.com.br\/index.php\/wp-json\/wp\/v2\/posts\/6720\/revisions\/18191"}],"wp:featuredmedia":[{"embeddable":true,"href":"https:\/\/sindenfermeiro.com.br\/index.php\/wp-json\/"}],"wp:attachment":[{"href":"https:\/\/sindenfermeiro.com.br\/index.php\/wp-json\/wp\/v2\/media?parent=6720"}],"wp:term":[{"taxonomy":"category","embeddable":true,"href":"https:\/\/sindenfermeiro.com.br\/index.php\/wp-json\/wp\/v2\/categories?post=6720"},{"taxonomy":"post_tag","embeddable":true,"href":"https:\/\/sindenfermeiro.com.br\/index.php\/wp-json\/wp\/v2\/tags?post=6720"}],"curies":[{"name":"wp","href":"https:\/\/api.w.org\/{rel}","templated":true}]}}