{"id":6712,"date":"2019-04-05T18:25:23","date_gmt":"2019-04-05T18:25:23","guid":{"rendered":"http:\/\/www.sindenfermeiro.com.br\/?p=6712"},"modified":"2026-04-26T20:19:56","modified_gmt":"2026-04-26T23:19:56","slug":"exercicios-anteriores-pagamento-de-licencas-premio-e-trabalho-por-periodo-determinado-tpd","status":"publish","type":"post","link":"https:\/\/sindenfermeiro.com.br\/index.php\/2019\/04\/05\/exercicios-anteriores-pagamento-de-licencas-premio-e-trabalho-por-periodo-determinado-tpd\/","title":{"rendered":"Exerc\u00edcios Anteriores &#8211; Pagamento de licen\u00e7as-pr\u00eamio e Trabalho por Per\u00edodo Determinado (TPD)"},"content":{"rendered":"<p><img loading=\"lazy\" decoding=\"async\" class=\" wp-image-6011 aligncenter\" src=\"http:\/\/www.sindenfermeiro.com.br\/wp-content\/uploads\/2019\/03\/WhatsApp-Image-2019-03-12-at-15.23.59-900x900.jpeg\" alt=\"\" width=\"579\" height=\"579\" \/><\/p>\n<p>Em 29 de mar\u00e7o deste ano, os servidores aposentados, pensionistas e exonerados da Secretaria de Sa\u00fade do Distrito Federal entre os dias 08 e 13 de julho de 2016 \u2013 e que tinham licen\u00e7as-pr\u00eamio n\u00e3o usufru\u00eddas, receberam os valores a que tinham direito. Tais d\u00e9bitos estavam classificados como \u201cexerc\u00edcios anteriores\u201d, e tiveram seus pagamentos realizados por via administrativa.<\/p>\n<p>A<span class=\"text_exposed_show\">l\u00e9m disso, a SES-DF tamb\u00e9m pagou os valores referentes ao Trabalho por Tempo Determinado (TPD), relativos ao m\u00eas de dezembro de 2018.<\/span><\/p>\n<div class=\"text_exposed_show\">\n<p>No entanto, \u00e9 importante estar atento com poss\u00edveis atualiza\u00e7\u00f5es n\u00e3o contabilizadas e, caso haja processo judicial em andamento cobrando a licen\u00e7a quitada, \u00e9 poss\u00edvel questionar sobre poss\u00edveis corre\u00e7\u00f5es monet\u00e1rias. No caso de outros valores classificados como exerc\u00edcios anteriores, ainda h\u00e1 a possibilidade de cobran\u00e7a por via judicial.<\/p>\n<p>Os enfermeiros que se enquadrem nas situa\u00e7\u00f5es mencionadas acima devem verificar a realiza\u00e7\u00e3o do pagamento. Em caso de n\u00e3o recebimento dos valores, o departamento jur\u00eddico do sindicato estar\u00e1 dispon\u00edvel para orienta\u00e7\u00e3o, atrav\u00e9s do telefone (61) 3447-9697.<\/p>\n<\/div>\n","protected":false},"excerpt":{"rendered":"<p>Em 29 de mar\u00e7o deste ano, os servidores aposentados, pensionistas e exonerados da Secretaria de Sa\u00fade do Distrito Federal entre os dias 08 e 13 de julho de 2016 \u2013 e que tinham licen\u00e7as-pr\u00eamio n\u00e3o usufru\u00eddas, receberam os valores a que tinham direito. Tais d\u00e9bitos estavam classificados como \u201cexerc\u00edcios anteriores\u201d, e tiveram seus pagamentos realizados [&hellip;]<\/p>\n","protected":false},"author":6,"featured_media":6011,"comment_status":"closed","ping_status":"closed","sticky":false,"template":"","format":"standard","meta":{"footnotes":""},"categories":[6,5],"tags":[71,224,47,81,44,22,79],"class_list":["post-6712","post","type-post","status-publish","format-standard","has-post-thumbnail","hentry","category-noticias","category-rede-publica","tag-aposentados","tag-licenca-premio","tag-rede-publica","tag-ses-df","tag-sindenfermeiro-df","tag-sindicato-dos-enfermeiros","tag-tpd"],"_links":{"self":[{"href":"https:\/\/sindenfermeiro.com.br\/index.php\/wp-json\/wp\/v2\/posts\/6712","targetHints":{"allow":["GET"]}}],"collection":[{"href":"https:\/\/sindenfermeiro.com.br\/index.php\/wp-json\/wp\/v2\/posts"}],"about":[{"href":"https:\/\/sindenfermeiro.com.br\/index.php\/wp-json\/wp\/v2\/types\/post"}],"author":[{"embeddable":true,"href":"https:\/\/sindenfermeiro.com.br\/index.php\/wp-json\/wp\/v2\/users\/6"}],"replies":[{"embeddable":true,"href":"https:\/\/sindenfermeiro.com.br\/index.php\/wp-json\/wp\/v2\/comments?post=6712"}],"version-history":[{"count":1,"href":"https:\/\/sindenfermeiro.com.br\/index.php\/wp-json\/wp\/v2\/posts\/6712\/revisions"}],"predecessor-version":[{"id":36776,"href":"https:\/\/sindenfermeiro.com.br\/index.php\/wp-json\/wp\/v2\/posts\/6712\/revisions\/36776"}],"wp:featuredmedia":[{"embeddable":true,"href":"https:\/\/sindenfermeiro.com.br\/index.php\/wp-json\/"}],"wp:attachment":[{"href":"https:\/\/sindenfermeiro.com.br\/index.php\/wp-json\/wp\/v2\/media?parent=6712"}],"wp:term":[{"taxonomy":"category","embeddable":true,"href":"https:\/\/sindenfermeiro.com.br\/index.php\/wp-json\/wp\/v2\/categories?post=6712"},{"taxonomy":"post_tag","embeddable":true,"href":"https:\/\/sindenfermeiro.com.br\/index.php\/wp-json\/wp\/v2\/tags?post=6712"}],"curies":[{"name":"wp","href":"https:\/\/api.w.org\/{rel}","templated":true}]}}