{"id":671,"date":"2016-12-05T19:32:17","date_gmt":"2016-12-05T19:32:17","guid":{"rendered":"http:\/\/www.sindenfermeiro.com.br\/?p=671"},"modified":"2026-04-29T07:01:38","modified_gmt":"2026-04-29T10:01:38","slug":"fiscaliza-sindenfermeiro-situacao-de-hospital-do-gama-hrg-e-critica","status":"publish","type":"post","link":"https:\/\/sindenfermeiro.com.br\/index.php\/2016\/12\/05\/fiscaliza-sindenfermeiro-situacao-de-hospital-do-gama-hrg-e-critica\/","title":{"rendered":"Fiscaliza SindEnfermeiro: Situa\u00e7\u00e3o de Hospital do Gama (HRG) \u00e9 cr\u00edtica"},"content":{"rendered":"<p style=\"text-align: justify\"><span style=\"font-size: 14pt\">O Fiscaliza SindEnfermeiro esteve, hoje, no Hospital Regional do Gama (HRG). A situa\u00e7\u00e3o corrobora com as circunst\u00e2ncias encontradas em todas as unidades de sa\u00fade visitadas pelo sindicato, durante as a\u00e7\u00f5es do Fiscaliza. Em todos os locais que estivemos encontramos caos e neglig\u00eancia em rela\u00e7\u00e3o ao cidad\u00e3o e ao servidor p\u00fablico, que n\u00e3o t\u00eam a m\u00ednima condi\u00e7\u00e3o de tratamento, ou de prestar o atendimento devido.<\/span><\/p>\n<p style=\"text-align: justify\"><img loading=\"lazy\" decoding=\"async\" class=\"alignnone size-full wp-image-672\" src=\"http:\/\/www.sindenfermeiro.com.br\/wp-content\/uploads\/2016\/12\/WhatsApp-Image-2016-12-05-at-12.58.29.jpeg\" alt=\"WhatsApp Image 2016-12-05 at 12.58.29\" width=\"1280\" height=\"720\" \/><\/p>\n<p style=\"text-align: justify\"><span style=\"font-size: 14pt\">Pacientes (espalhados pelos corredores, em macas improvisadas), esperam por atendimento por dias &#8211; em ambientes absolutamente insalubres. Esta \u00e9 a regra do sistema de sa\u00fade, em todo o Distrito Federal. Tamb\u00e9m \u00e9 clara a situa\u00e7\u00e3o de profissionais sem instrumentos adequados, al\u00e9m dos desfalques de pessoal e da aus\u00eancia de condi\u00e7\u00f5es b\u00e1sicas de trabalho.<\/span><\/p>\n<p style=\"text-align: justify\"><img loading=\"lazy\" decoding=\"async\" class=\"alignnone size-full wp-image-675\" src=\"http:\/\/www.sindenfermeiro.com.br\/wp-content\/uploads\/2016\/12\/WhatsApp-Image-2016-12-05-at-12.59.46.jpeg\" alt=\"WhatsApp Image 2016-12-05 at 12.59.46\" width=\"1280\" height=\"720\" \/><\/p>\n<p style=\"text-align: justify\"><span style=\"font-size: 14pt\"><strong>Sujeira e descuido por toda parte<\/strong><\/span><\/p>\n<p style=\"text-align: justify\"><span style=\"font-size: 14pt\">Bichos e roupas sujas se acumulam pelos prontos-socorros do DF. No Gama, panos de TNT s\u00e3o utilizados como cortinas dos leitos do PS, onde misturam-se pacientes da cl\u00ednica e da interna\u00e7\u00e3o (cujo o setor est\u00e1 em obras desde junho deste ano).<\/span><\/p>\n<p style=\"text-align: justify\"><img loading=\"lazy\" decoding=\"async\" class=\"alignnone size-full wp-image-673\" src=\"http:\/\/www.sindenfermeiro.com.br\/wp-content\/uploads\/2016\/12\/WhatsApp-Image-2016-12-05-at-12.59.41.jpeg\" alt=\"WhatsApp Image 2016-12-05 at 12.59.41\" width=\"1280\" height=\"720\" \/><\/p>\n<p style=\"text-align: justify\"><span style=\"font-size: 14pt\">No Centro Cir\u00fargico (que possui 9 salas, 4 delas inutilizadas), aparelhos de ar-condicionado n\u00e3o funcionam e equipamentos precisam de manuten\u00e7\u00e3o. Al\u00e9m disso, quilos de roupas e instrumentos s\u00e3o lavados \u00e0 m\u00e3o no Centro de Materiais e Esteriliza\u00e7\u00e3o, comprometendo a sa\u00fade dos servidores do hospital.<\/span><\/p>\n<p style=\"text-align: justify\"><img loading=\"lazy\" decoding=\"async\" class=\"alignnone size-full wp-image-677\" src=\"http:\/\/www.sindenfermeiro.com.br\/wp-content\/uploads\/2016\/12\/WhatsApp-Image-2016-12-05-at-13.00.39.jpeg\" alt=\"WhatsApp Image 2016-12-05 at 13.00.39\" width=\"1280\" height=\"720\" \/><\/p>\n<p style=\"text-align: justify\"><span style=\"font-size: 14pt\"><strong>Pediatria, leitos vazios e exames comprometidos<\/strong><\/span><\/p>\n<p style=\"text-align: justify\"><span style=\"font-size: 14pt\">O SindEnfermeiro tamb\u00e9m constatou que a UTI possui 10 leitos (novos) em desuso, por falta de pessoal e equipamento &#8211; enquanto pacientes (em estado grave) imploram por ajuda, deitados em macas, que se entulham no corredores da HRG -.<\/span><\/p>\n<p style=\"text-align: justify\"><span style=\"font-size: 14pt\">O hospital n\u00e3o atende pacientes de pediatria tamb\u00e9m pela falta de pessoal, que soma-se ainda \u00e0 aus\u00eancia de Raio-X (desde s\u00e1bado, 3) e do tom\u00f3grafo, que n\u00e3o funciona h\u00e1 mais de 1 ano.<\/span><\/p>\n<p style=\"text-align: justify\">\n","protected":false},"excerpt":{"rendered":"<p>O Fiscaliza SindEnfermeiro esteve, hoje, no Hospital Regional do Gama (HRG). A situa\u00e7\u00e3o corrobora com as circunst\u00e2ncias encontradas em todas as unidades de sa\u00fade visitadas pelo sindicato, durante as a\u00e7\u00f5es do Fiscaliza. Em todos os locais que estivemos encontramos caos e neglig\u00eancia em rela\u00e7\u00e3o ao cidad\u00e3o e ao servidor p\u00fablico, que n\u00e3o t\u00eam a m\u00ednima [&hellip;]<\/p>\n","protected":false},"author":6,"featured_media":672,"comment_status":"closed","ping_status":"closed","sticky":false,"template":"","format":"standard","meta":{"footnotes":""},"categories":[6,2],"tags":[],"class_list":["post-671","post","type-post","status-publish","format-standard","has-post-thumbnail","hentry","category-noticias","category-teste"],"_links":{"self":[{"href":"https:\/\/sindenfermeiro.com.br\/index.php\/wp-json\/wp\/v2\/posts\/671","targetHints":{"allow":["GET"]}}],"collection":[{"href":"https:\/\/sindenfermeiro.com.br\/index.php\/wp-json\/wp\/v2\/posts"}],"about":[{"href":"https:\/\/sindenfermeiro.com.br\/index.php\/wp-json\/wp\/v2\/types\/post"}],"author":[{"embeddable":true,"href":"https:\/\/sindenfermeiro.com.br\/index.php\/wp-json\/wp\/v2\/users\/6"}],"replies":[{"embeddable":true,"href":"https:\/\/sindenfermeiro.com.br\/index.php\/wp-json\/wp\/v2\/comments?post=671"}],"version-history":[{"count":1,"href":"https:\/\/sindenfermeiro.com.br\/index.php\/wp-json\/wp\/v2\/posts\/671\/revisions"}],"predecessor-version":[{"id":33004,"href":"https:\/\/sindenfermeiro.com.br\/index.php\/wp-json\/wp\/v2\/posts\/671\/revisions\/33004"}],"wp:featuredmedia":[{"embeddable":true,"href":"https:\/\/sindenfermeiro.com.br\/index.php\/wp-json\/"}],"wp:attachment":[{"href":"https:\/\/sindenfermeiro.com.br\/index.php\/wp-json\/wp\/v2\/media?parent=671"}],"wp:term":[{"taxonomy":"category","embeddable":true,"href":"https:\/\/sindenfermeiro.com.br\/index.php\/wp-json\/wp\/v2\/categories?post=671"},{"taxonomy":"post_tag","embeddable":true,"href":"https:\/\/sindenfermeiro.com.br\/index.php\/wp-json\/wp\/v2\/tags?post=671"}],"curies":[{"name":"wp","href":"https:\/\/api.w.org\/{rel}","templated":true}]}}