{"id":6691,"date":"2019-04-03T14:54:28","date_gmt":"2019-04-03T14:54:28","guid":{"rendered":"http:\/\/www.sindenfermeiro.com.br\/?p=6691"},"modified":"2026-04-26T16:40:22","modified_gmt":"2026-04-26T19:40:22","slug":"eleicoes-sindenfermeiro-2","status":"publish","type":"post","link":"https:\/\/sindenfermeiro.com.br\/index.php\/2019\/04\/03\/eleicoes-sindenfermeiro-2\/","title":{"rendered":"Elei\u00e7\u00f5es SindEnfermeiro"},"content":{"rendered":"<p><img loading=\"lazy\" decoding=\"async\" class=\"alignnone size-medium wp-image-6689\" src=\"http:\/\/www.sindenfermeiro.com.br\/wp-content\/uploads\/2019\/04\/Cartaz-Elei\u00e7\u00f5es-1-900x712.jpg\" alt=\"\" width=\"900\" height=\"712\" \/><\/p>\n<p>&nbsp;<\/p>\n<p>Aten\u00e7\u00e3o enfermeiros sindicalizados,<br \/>\nNos dias 11 e 12 de abril (quinta e sexta) ir\u00e3o acontecer as elei\u00e7\u00f5es do Sindicato dos Enfermeiros do Distrito Federal.<br \/>\nPara que o pleito seja validado, \u00e9 necess\u00e1rio que haja qu\u00f3rum m\u00ednimo, por isso, \u00e9 muito importante que todos os enfermeiros sindicalizados votem!<br \/>\nO hor\u00e1rio de vota\u00e7\u00e3o ser\u00e1 das 08h \u00e0s 19h, com urnas em todos os hospitais regionais, al\u00e9m de urnas volantes em todas as regi\u00f5es.<br \/>\nPara votar basta apresentar um documento oficial com foto ou crach\u00e1.<\/p>\n<p>Participe. O futuro da enfermagem depende de voc\u00ea. Vote!<\/p>\n<p><strong>Elei\u00e7\u00f5es SindEnfermeiro<\/strong><\/p>\n<p>&#x1f3db; Local: urnas em TODOS os hospitais regionais e urnas volantes em todas as regi\u00f5es.<br \/>\n&#x1f4c6; Data: 11 e 12 de abril (quinta e sexta-feira)<br \/>\n&#x23f0; Hor\u00e1rio: de 08h \u00e0s 19h.<\/p>\n","protected":false},"excerpt":{"rendered":"<p>&nbsp; Aten\u00e7\u00e3o enfermeiros sindicalizados, Nos dias 11 e 12 de abril (quinta e sexta) ir\u00e3o acontecer as elei\u00e7\u00f5es do Sindicato dos Enfermeiros do Distrito Federal. Para que o pleito seja validado, \u00e9 necess\u00e1rio que haja qu\u00f3rum m\u00ednimo, por isso, \u00e9 muito importante que todos os enfermeiros sindicalizados votem! O hor\u00e1rio de vota\u00e7\u00e3o ser\u00e1 das 08h [&hellip;]<\/p>\n","protected":false},"author":6,"featured_media":6689,"comment_status":"closed","ping_status":"closed","sticky":false,"template":"","format":"standard","meta":{"footnotes":""},"categories":[6,13,5],"tags":[],"class_list":["post-6691","post","type-post","status-publish","format-standard","has-post-thumbnail","hentry","category-noticias","category-rede-privada","category-rede-publica"],"_links":{"self":[{"href":"https:\/\/sindenfermeiro.com.br\/index.php\/wp-json\/wp\/v2\/posts\/6691","targetHints":{"allow":["GET"]}}],"collection":[{"href":"https:\/\/sindenfermeiro.com.br\/index.php\/wp-json\/wp\/v2\/posts"}],"about":[{"href":"https:\/\/sindenfermeiro.com.br\/index.php\/wp-json\/wp\/v2\/types\/post"}],"author":[{"embeddable":true,"href":"https:\/\/sindenfermeiro.com.br\/index.php\/wp-json\/wp\/v2\/users\/6"}],"replies":[{"embeddable":true,"href":"https:\/\/sindenfermeiro.com.br\/index.php\/wp-json\/wp\/v2\/comments?post=6691"}],"version-history":[{"count":1,"href":"https:\/\/sindenfermeiro.com.br\/index.php\/wp-json\/wp\/v2\/posts\/6691\/revisions"}],"predecessor-version":[{"id":36784,"href":"https:\/\/sindenfermeiro.com.br\/index.php\/wp-json\/wp\/v2\/posts\/6691\/revisions\/36784"}],"wp:featuredmedia":[{"embeddable":true,"href":"https:\/\/sindenfermeiro.com.br\/index.php\/wp-json\/"}],"wp:attachment":[{"href":"https:\/\/sindenfermeiro.com.br\/index.php\/wp-json\/wp\/v2\/media?parent=6691"}],"wp:term":[{"taxonomy":"category","embeddable":true,"href":"https:\/\/sindenfermeiro.com.br\/index.php\/wp-json\/wp\/v2\/categories?post=6691"},{"taxonomy":"post_tag","embeddable":true,"href":"https:\/\/sindenfermeiro.com.br\/index.php\/wp-json\/wp\/v2\/tags?post=6691"}],"curies":[{"name":"wp","href":"https:\/\/api.w.org\/{rel}","templated":true}]}}