{"id":6682,"date":"2019-04-01T20:26:22","date_gmt":"2019-04-01T20:26:22","guid":{"rendered":"http:\/\/www.sindenfermeiro.com.br\/?p=6682"},"modified":"2026-04-26T15:24:34","modified_gmt":"2026-04-26T18:24:34","slug":"suspensao-temporaria-de-atendimento-juridico-2","status":"publish","type":"post","link":"https:\/\/sindenfermeiro.com.br\/index.php\/2019\/04\/01\/suspensao-temporaria-de-atendimento-juridico-2\/","title":{"rendered":"Suspens\u00e3o tempor\u00e1ria de atendimento jur\u00eddico"},"content":{"rendered":"<p><img loading=\"lazy\" decoding=\"async\" class=\" wp-image-5610 aligncenter\" src=\"http:\/\/www.sindenfermeiro.com.br\/wp-content\/uploads\/2019\/02\/WhatsApp-Image-2019-01-31-at-14.44.31-900x900.jpeg\" alt=\"\" width=\"392\" height=\"392\" \/><\/p>\n<p>O Sindicato dos Enfermeiros do Distrito Federal vem informar que os atendimentos realizados pelo departamento jur\u00eddico estar\u00e3o suspensos entre os dias 1 e 14 de abril, para reestrutura\u00e7\u00e3o interna do setor.<\/p>\n<p>Os atendimentos agendados durante o per\u00edodo ser\u00e3o mantidos. O departamento jur\u00eddico retornar\u00e1 suas atividades normalmente a partir do dia 15 de abril. Para mais informa\u00e7\u00f5es ou d\u00favidas, basta entrar em contato pelo telefone (61) 3447-9697.<\/p>\n","protected":false},"excerpt":{"rendered":"<p>O Sindicato dos Enfermeiros do Distrito Federal vem informar que os atendimentos realizados pelo departamento jur\u00eddico estar\u00e3o suspensos entre os dias 1 e 14 de abril, para reestrutura\u00e7\u00e3o interna do setor. Os atendimentos agendados durante o per\u00edodo ser\u00e3o mantidos. O departamento jur\u00eddico retornar\u00e1 suas atividades normalmente a partir do dia 15 de abril. Para mais [&hellip;]<\/p>\n","protected":false},"author":6,"featured_media":5610,"comment_status":"closed","ping_status":"closed","sticky":false,"template":"","format":"standard","meta":{"footnotes":""},"categories":[6,13,5],"tags":[],"class_list":["post-6682","post","type-post","status-publish","format-standard","has-post-thumbnail","hentry","category-noticias","category-rede-privada","category-rede-publica"],"_links":{"self":[{"href":"https:\/\/sindenfermeiro.com.br\/index.php\/wp-json\/wp\/v2\/posts\/6682","targetHints":{"allow":["GET"]}}],"collection":[{"href":"https:\/\/sindenfermeiro.com.br\/index.php\/wp-json\/wp\/v2\/posts"}],"about":[{"href":"https:\/\/sindenfermeiro.com.br\/index.php\/wp-json\/wp\/v2\/types\/post"}],"author":[{"embeddable":true,"href":"https:\/\/sindenfermeiro.com.br\/index.php\/wp-json\/wp\/v2\/users\/6"}],"replies":[{"embeddable":true,"href":"https:\/\/sindenfermeiro.com.br\/index.php\/wp-json\/wp\/v2\/comments?post=6682"}],"version-history":[{"count":1,"href":"https:\/\/sindenfermeiro.com.br\/index.php\/wp-json\/wp\/v2\/posts\/6682\/revisions"}],"predecessor-version":[{"id":36820,"href":"https:\/\/sindenfermeiro.com.br\/index.php\/wp-json\/wp\/v2\/posts\/6682\/revisions\/36820"}],"wp:featuredmedia":[{"embeddable":true,"href":"https:\/\/sindenfermeiro.com.br\/index.php\/wp-json\/"}],"wp:attachment":[{"href":"https:\/\/sindenfermeiro.com.br\/index.php\/wp-json\/wp\/v2\/media?parent=6682"}],"wp:term":[{"taxonomy":"category","embeddable":true,"href":"https:\/\/sindenfermeiro.com.br\/index.php\/wp-json\/wp\/v2\/categories?post=6682"},{"taxonomy":"post_tag","embeddable":true,"href":"https:\/\/sindenfermeiro.com.br\/index.php\/wp-json\/wp\/v2\/tags?post=6682"}],"curies":[{"name":"wp","href":"https:\/\/api.w.org\/{rel}","templated":true}]}}