{"id":661,"date":"2016-12-02T17:56:40","date_gmt":"2016-12-02T17:56:40","guid":{"rendered":"http:\/\/www.sindenfermeiro.com.br\/?p=661"},"modified":"2026-04-29T06:59:58","modified_gmt":"2026-04-29T09:59:58","slug":"aposentados-comecam-a-receber-pecunias-nesta-sexta-2","status":"publish","type":"post","link":"https:\/\/sindenfermeiro.com.br\/index.php\/2016\/12\/02\/aposentados-comecam-a-receber-pecunias-nesta-sexta-2\/","title":{"rendered":"Aposentados come\u00e7am a receber pec\u00fanias nesta sexta (2)"},"content":{"rendered":"<p style=\"text-align: justify\"><span style=\"font-size: 14pt\">Apesar de ser contr\u00e1rio ao uso indevido dos recursos do Iprev, o SindEnfermeiro batalhou pelo pagamento das pec\u00fanias aos aposentados (devidas pelo GDF) e estes valores come\u00e7am a serem pagos hoje.<\/span><\/p>\n<p style=\"text-align: justify\"><span style=\"font-size: 14pt\">Nos dias 16 de dezembro, mais uma parte ser\u00e1 depositada aos servidores.\u00a0Em 16 de janeiro de 2017, o \u00faltimo dep\u00f3sito referente \u00e0s pec\u00fanias de 2015 ser\u00e3o feitos.<\/span><\/p>\n<p style=\"text-align: justify\"><img loading=\"lazy\" decoding=\"async\" class=\"alignnone size-full wp-image-662\" src=\"http:\/\/www.sindenfermeiro.com.br\/wp-content\/uploads\/2016\/12\/2.png\" alt=\"2\" width=\"800\" height=\"800\" \/><\/p>\n<p style=\"text-align: justify\">\n<p style=\"text-align: justify\"><span style=\"font-size: 14pt\">A partir de ent\u00e3o, de acordo com o secret\u00e1rio da Fazenda do Distrito Federal, Jo\u00e3o Ant\u00f4nio Fleury, os sindicatos ser\u00e3o chamados, novamente, pelo Governo, para organizarem, assim, o cronograma de pagamento das pec\u00fanias referentes a 2016.<\/span><\/p>\n","protected":false},"excerpt":{"rendered":"<p>Apesar de ser contr\u00e1rio ao uso indevido dos recursos do Iprev, o SindEnfermeiro batalhou pelo pagamento das pec\u00fanias aos aposentados (devidas pelo GDF) e estes valores come\u00e7am a serem pagos hoje. Nos dias 16 de dezembro, mais uma parte ser\u00e1 depositada aos servidores.\u00a0Em 16 de janeiro de 2017, o \u00faltimo dep\u00f3sito referente \u00e0s pec\u00fanias de [&hellip;]<\/p>\n","protected":false},"author":6,"featured_media":662,"comment_status":"closed","ping_status":"closed","sticky":false,"template":"","format":"standard","meta":{"footnotes":""},"categories":[6,2],"tags":[],"class_list":["post-661","post","type-post","status-publish","format-standard","has-post-thumbnail","hentry","category-noticias","category-teste"],"_links":{"self":[{"href":"https:\/\/sindenfermeiro.com.br\/index.php\/wp-json\/wp\/v2\/posts\/661","targetHints":{"allow":["GET"]}}],"collection":[{"href":"https:\/\/sindenfermeiro.com.br\/index.php\/wp-json\/wp\/v2\/posts"}],"about":[{"href":"https:\/\/sindenfermeiro.com.br\/index.php\/wp-json\/wp\/v2\/types\/post"}],"author":[{"embeddable":true,"href":"https:\/\/sindenfermeiro.com.br\/index.php\/wp-json\/wp\/v2\/users\/6"}],"replies":[{"embeddable":true,"href":"https:\/\/sindenfermeiro.com.br\/index.php\/wp-json\/wp\/v2\/comments?post=661"}],"version-history":[{"count":1,"href":"https:\/\/sindenfermeiro.com.br\/index.php\/wp-json\/wp\/v2\/posts\/661\/revisions"}],"predecessor-version":[{"id":33000,"href":"https:\/\/sindenfermeiro.com.br\/index.php\/wp-json\/wp\/v2\/posts\/661\/revisions\/33000"}],"wp:featuredmedia":[{"embeddable":true,"href":"https:\/\/sindenfermeiro.com.br\/index.php\/wp-json\/"}],"wp:attachment":[{"href":"https:\/\/sindenfermeiro.com.br\/index.php\/wp-json\/wp\/v2\/media?parent=661"}],"wp:term":[{"taxonomy":"category","embeddable":true,"href":"https:\/\/sindenfermeiro.com.br\/index.php\/wp-json\/wp\/v2\/categories?post=661"},{"taxonomy":"post_tag","embeddable":true,"href":"https:\/\/sindenfermeiro.com.br\/index.php\/wp-json\/wp\/v2\/tags?post=661"}],"curies":[{"name":"wp","href":"https:\/\/api.w.org\/{rel}","templated":true}]}}