{"id":6604,"date":"2019-03-29T14:20:47","date_gmt":"2019-03-29T14:20:47","guid":{"rendered":"http:\/\/www.sindenfermeiro.com.br\/?p=6604"},"modified":"2026-04-26T17:41:53","modified_gmt":"2026-04-26T20:41:53","slug":"sindenfermeiro-vai-a-upa-de-ceilandia-verificar-condicoes-de-trabalho","status":"publish","type":"post","link":"https:\/\/sindenfermeiro.com.br\/index.php\/2019\/03\/29\/sindenfermeiro-vai-a-upa-de-ceilandia-verificar-condicoes-de-trabalho\/","title":{"rendered":"SindEnfermeiro vai \u00e0 UPA de Ceil\u00e2ndia verificar condi\u00e7\u00f5es de trabalho"},"content":{"rendered":"<style type=\"text\/css\">\n#foogallery-gallery-6607 .fg-image { width: 640px; }<\/style>\n\t\t\t<div class=\"foogallery foogallery-container foogallery-image-viewer foogallery-link-image foogallery-lightbox-none fg-center fg-image-viewer fg-ready fg-light fg-border-thin fg-shadow-outline fg-loading-default fg-loaded-fade-in fg-caption-hover fg-hover-fade fg-hover-zoom\" id=\"foogallery-gallery-6607\" data-foogallery=\"{&quot;item&quot;:{&quot;showCaptionTitle&quot;:true,&quot;showCaptionDescription&quot;:true},&quot;lazy&quot;:true,&quot;template&quot;:{&quot;loop&quot;:true}}\" style=\"--fg-title-line-clamp: 0; --fg-description-line-clamp: 0;\" >\n\t<div class=\"fiv-inner\">\n\t\t<div class=\"fiv-inner-container\">\n\t\t\t\t\t<\/div>\n\t\t<div class=\"fiv-ctrls\">\n\t\t\t<button type=\"button\" class=\"fiv-prev\" title=\"Prev\"><span>Prev<\/span><\/button>\n\t\t\t<label class=\"fiv-count\"><span class=\"fiv-count-current\">1<\/span>of<span class=\"fiv-count-total\">23<\/span><\/label>\n\t\t\t<button type=\"button\" class=\"fiv-next\" title=\"Next\"><span>Next<\/span><\/button>\n\t\t<\/div>\n\t<\/div>\n<\/div>\n<p>Na manh\u00e3 da \u00faltima quinta-feira, (28), a presidente do SindEnfermeiro, Dayse Amar\u00edlio e os diretores executivos Tarc\u00edsio Faria e M\u00e1rcio da Mata foram at\u00e9 a Unidade de Pronto Atendimento (UPA) da Ceil\u00e2ndia fazer uma visita de rotina e verificar com os trabalhadores como est\u00e1 acontecendo o processo de implementa\u00e7\u00e3o do modelo de gest\u00e3o do IGESDF na UPAs e o levantamento de questionamentos dos servidores sobre essa nova realidade.<\/p>\n<p>As principais d\u00favidas giraram em torno de como ficar\u00e1 a situa\u00e7\u00e3o dos servidores que optarem por sair daquela UPA e a sobre os que t\u00eam restri\u00e7\u00f5es. Todos os questionamentos foram levantados durante a visita ser\u00e3o abordados nas pr\u00f3ximas reuni\u00f5es entre sindicato e Secretaria de Sa\u00fade.<\/p>\n","protected":false},"excerpt":{"rendered":"<p>Na manh\u00e3 da \u00faltima quinta-feira, (28), a presidente do SindEnfermeiro, Dayse Amar\u00edlio e os diretores executivos Tarc\u00edsio Faria e M\u00e1rcio da Mata foram at\u00e9 a Unidade de Pronto Atendimento (UPA) da Ceil\u00e2ndia fazer uma visita de rotina e verificar com os trabalhadores como est\u00e1 acontecendo o processo de implementa\u00e7\u00e3o do modelo de gest\u00e3o do IGESDF [&hellip;]<\/p>\n","protected":false},"author":6,"featured_media":6634,"comment_status":"closed","ping_status":"closed","sticky":false,"template":"","format":"standard","meta":{"footnotes":""},"categories":[6,5],"tags":[88,7,109,131,22,51],"class_list":["post-6604","post","type-post","status-publish","format-standard","has-post-thumbnail","hentry","category-noticias","category-rede-publica","tag-ceilandia","tag-enfermagem","tag-fiscaliza-sindenfermeiro","tag-sindenfermeirodf","tag-sindicato-dos-enfermeiros","tag-upas"],"_links":{"self":[{"href":"https:\/\/sindenfermeiro.com.br\/index.php\/wp-json\/wp\/v2\/posts\/6604","targetHints":{"allow":["GET"]}}],"collection":[{"href":"https:\/\/sindenfermeiro.com.br\/index.php\/wp-json\/wp\/v2\/posts"}],"about":[{"href":"https:\/\/sindenfermeiro.com.br\/index.php\/wp-json\/wp\/v2\/types\/post"}],"author":[{"embeddable":true,"href":"https:\/\/sindenfermeiro.com.br\/index.php\/wp-json\/wp\/v2\/users\/6"}],"replies":[{"embeddable":true,"href":"https:\/\/sindenfermeiro.com.br\/index.php\/wp-json\/wp\/v2\/comments?post=6604"}],"version-history":[{"count":1,"href":"https:\/\/sindenfermeiro.com.br\/index.php\/wp-json\/wp\/v2\/posts\/6604\/revisions"}],"predecessor-version":[{"id":29462,"href":"https:\/\/sindenfermeiro.com.br\/index.php\/wp-json\/wp\/v2\/posts\/6604\/revisions\/29462"}],"wp:featuredmedia":[{"embeddable":true,"href":"https:\/\/sindenfermeiro.com.br\/index.php\/wp-json\/"}],"wp:attachment":[{"href":"https:\/\/sindenfermeiro.com.br\/index.php\/wp-json\/wp\/v2\/media?parent=6604"}],"wp:term":[{"taxonomy":"category","embeddable":true,"href":"https:\/\/sindenfermeiro.com.br\/index.php\/wp-json\/wp\/v2\/categories?post=6604"},{"taxonomy":"post_tag","embeddable":true,"href":"https:\/\/sindenfermeiro.com.br\/index.php\/wp-json\/wp\/v2\/tags?post=6604"}],"curies":[{"name":"wp","href":"https:\/\/api.w.org\/{rel}","templated":true}]}}