{"id":659,"date":"2016-12-02T18:17:33","date_gmt":"2016-12-02T18:17:33","guid":{"rendered":"http:\/\/www.sindenfermeiro.com.br\/?p=659"},"modified":"2026-04-29T07:00:15","modified_gmt":"2026-04-29T10:00:15","slug":"sindicato-ajuiza-acao-contra-gdf-em-virtude-da-portaria-231","status":"publish","type":"post","link":"https:\/\/sindenfermeiro.com.br\/index.php\/2016\/12\/02\/sindicato-ajuiza-acao-contra-gdf-em-virtude-da-portaria-231\/","title":{"rendered":"Sindicato aju\u00edza a\u00e7\u00e3o contra GDF em virtude da Portaria 231"},"content":{"rendered":"<p style=\"text-align: justify\"><span style=\"font-size: 14pt\">Na \u00faltima quarta-feira (30), o Sindicato dos Enfermeiros ajuizou a\u00e7\u00e3o, contra o Governo do Distrito Federal, por ilegalidade de ato administrativo. A a\u00e7\u00e3o \u00e9 decorrente da institui\u00e7\u00e3o da Portaria 231, que determina o cumprimento de carga hor\u00e1ria dos servidores da assist\u00eancia prim\u00e1ria, em UPAs e os hospitais. Tamb\u00e9m h\u00e1 queixas em rela\u00e7\u00e3o a falta de treinamento adequado nessa transi\u00e7\u00e3o, al\u00e9m de ressalvas a respeito da aus\u00eancia de comunica\u00e7\u00e3o exercida pelo Governo, na publica\u00e7\u00e3o da Portaria.<\/span><\/p>\n<p style=\"text-align: justify\"><img loading=\"lazy\" decoding=\"async\" class=\"alignnone size-full wp-image-664\" src=\"http:\/\/www.sindenfermeiro.com.br\/wp-content\/uploads\/2016\/12\/2-1.png\" alt=\"2 (1)\" width=\"800\" height=\"800\" \/><\/p>\n","protected":false},"excerpt":{"rendered":"<p>Na \u00faltima quarta-feira (30), o Sindicato dos Enfermeiros ajuizou a\u00e7\u00e3o, contra o Governo do Distrito Federal, por ilegalidade de ato administrativo. A a\u00e7\u00e3o \u00e9 decorrente da institui\u00e7\u00e3o da Portaria 231, que determina o cumprimento de carga hor\u00e1ria dos servidores da assist\u00eancia prim\u00e1ria, em UPAs e os hospitais. Tamb\u00e9m h\u00e1 queixas em rela\u00e7\u00e3o a falta de [&hellip;]<\/p>\n","protected":false},"author":6,"featured_media":664,"comment_status":"closed","ping_status":"closed","sticky":false,"template":"","format":"standard","meta":{"footnotes":""},"categories":[6,2],"tags":[],"class_list":["post-659","post","type-post","status-publish","format-standard","has-post-thumbnail","hentry","category-noticias","category-teste"],"_links":{"self":[{"href":"https:\/\/sindenfermeiro.com.br\/index.php\/wp-json\/wp\/v2\/posts\/659","targetHints":{"allow":["GET"]}}],"collection":[{"href":"https:\/\/sindenfermeiro.com.br\/index.php\/wp-json\/wp\/v2\/posts"}],"about":[{"href":"https:\/\/sindenfermeiro.com.br\/index.php\/wp-json\/wp\/v2\/types\/post"}],"author":[{"embeddable":true,"href":"https:\/\/sindenfermeiro.com.br\/index.php\/wp-json\/wp\/v2\/users\/6"}],"replies":[{"embeddable":true,"href":"https:\/\/sindenfermeiro.com.br\/index.php\/wp-json\/wp\/v2\/comments?post=659"}],"version-history":[{"count":1,"href":"https:\/\/sindenfermeiro.com.br\/index.php\/wp-json\/wp\/v2\/posts\/659\/revisions"}],"predecessor-version":[{"id":33003,"href":"https:\/\/sindenfermeiro.com.br\/index.php\/wp-json\/wp\/v2\/posts\/659\/revisions\/33003"}],"wp:featuredmedia":[{"embeddable":true,"href":"https:\/\/sindenfermeiro.com.br\/index.php\/wp-json\/"}],"wp:attachment":[{"href":"https:\/\/sindenfermeiro.com.br\/index.php\/wp-json\/wp\/v2\/media?parent=659"}],"wp:term":[{"taxonomy":"category","embeddable":true,"href":"https:\/\/sindenfermeiro.com.br\/index.php\/wp-json\/wp\/v2\/categories?post=659"},{"taxonomy":"post_tag","embeddable":true,"href":"https:\/\/sindenfermeiro.com.br\/index.php\/wp-json\/wp\/v2\/tags?post=659"}],"curies":[{"name":"wp","href":"https:\/\/api.w.org\/{rel}","templated":true}]}}