{"id":657,"date":"2016-12-01T19:03:29","date_gmt":"2016-12-01T19:03:29","guid":{"rendered":"http:\/\/www.sindenfermeiro.com.br\/?p=657"},"modified":"2026-04-26T12:37:14","modified_gmt":"2026-04-26T15:37:14","slug":"camara-legislativa-aprova-uso-do-iprev-para-pagamento-de-dividas-com-servidores","status":"publish","type":"post","link":"https:\/\/sindenfermeiro.com.br\/index.php\/2016\/12\/01\/camara-legislativa-aprova-uso-do-iprev-para-pagamento-de-dividas-com-servidores\/","title":{"rendered":"C\u00e2mara Legislativa aprova uso do Iprev para pagamento de d\u00edvidas com servidores"},"content":{"rendered":"<p style=\"text-align: justify\"><span style=\"font-size: 14pt\">O SindEnfermeiro repudia a aprova\u00e7\u00e3o (nesta quianta, 1), pela C\u00e2mara Legislativa, de Projeto de Lei (1.270\/16) &#8211; enviado pelo GDF &#8211; que transfere parte do super\u00e1vit do Iprev (493,5 milh\u00f5es), do fundo capitalizado para o fundo financeiro, com a possibilidade de, assim, supostamente solucionar o atraso no pagamento das pec\u00fanias (das licen\u00e7as-pr\u00eamio) dos aposentados.<\/span><\/p>\n<p style=\"text-align: justify\"><span style=\"font-size: 14pt\">Apesar do esfor\u00e7o com o ato unificado, realizado na \u00faltima ter\u00e7a (29), em audi\u00eancia p\u00fablica na C\u00e2mara, o projeto foi aprovado. Assim, parte do Iprev supostamente (j\u00e1 que, em 2015, a manobra tamb\u00e9m foi feita, sem os objetivos serem cumpridos) ser\u00e1 utilizado para o pagamento dos valores atrasados, pelo Governo.<\/span><\/p>\n<p style=\"text-align: justify\"><img loading=\"lazy\" decoding=\"async\" class=\"alignnone size-full wp-image-647\" src=\"http:\/\/www.sindenfermeiro.com.br\/wp-content\/uploads\/2016\/11\/foto2.png\" alt=\"foto2\" width=\"958\" height=\"768\" \/><\/p>\n<p style=\"text-align: justify\"><span style=\"font-size: 14pt\">A vota\u00e7\u00e3o teve 16 votos a favor e 6 contra a mat\u00e9ria. Houve uma absten\u00e7\u00e3o \u2013 da deputada Liliane Roriz (PTB) -. Votaram contra os deputados Wasny de Roure (PT), Cristiano Ara\u00fajo (PSD), Raimundo Ribeiro (PPS), Celina Le\u00e3o (PPS), Bispo Renato Andrade (PR) e Wellington Luiz (PMDB).<\/span><\/p>\n","protected":false},"excerpt":{"rendered":"<p>O SindEnfermeiro repudia a aprova\u00e7\u00e3o (nesta quianta, 1), pela C\u00e2mara Legislativa, de Projeto de Lei (1.270\/16) &#8211; enviado pelo GDF &#8211; que transfere parte do super\u00e1vit do Iprev (493,5 milh\u00f5es), do fundo capitalizado para o fundo financeiro, com a possibilidade de, assim, supostamente solucionar o atraso no pagamento das pec\u00fanias (das licen\u00e7as-pr\u00eamio) dos aposentados. Apesar [&hellip;]<\/p>\n","protected":false},"author":6,"featured_media":647,"comment_status":"closed","ping_status":"closed","sticky":false,"template":"","format":"standard","meta":{"footnotes":""},"categories":[6,13,5,2],"tags":[],"class_list":["post-657","post","type-post","status-publish","format-standard","has-post-thumbnail","hentry","category-noticias","category-rede-privada","category-rede-publica","category-teste"],"_links":{"self":[{"href":"https:\/\/sindenfermeiro.com.br\/index.php\/wp-json\/wp\/v2\/posts\/657","targetHints":{"allow":["GET"]}}],"collection":[{"href":"https:\/\/sindenfermeiro.com.br\/index.php\/wp-json\/wp\/v2\/posts"}],"about":[{"href":"https:\/\/sindenfermeiro.com.br\/index.php\/wp-json\/wp\/v2\/types\/post"}],"author":[{"embeddable":true,"href":"https:\/\/sindenfermeiro.com.br\/index.php\/wp-json\/wp\/v2\/users\/6"}],"replies":[{"embeddable":true,"href":"https:\/\/sindenfermeiro.com.br\/index.php\/wp-json\/wp\/v2\/comments?post=657"}],"version-history":[{"count":1,"href":"https:\/\/sindenfermeiro.com.br\/index.php\/wp-json\/wp\/v2\/posts\/657\/revisions"}],"predecessor-version":[{"id":32813,"href":"https:\/\/sindenfermeiro.com.br\/index.php\/wp-json\/wp\/v2\/posts\/657\/revisions\/32813"}],"wp:featuredmedia":[{"embeddable":true,"href":"https:\/\/sindenfermeiro.com.br\/index.php\/wp-json\/"}],"wp:attachment":[{"href":"https:\/\/sindenfermeiro.com.br\/index.php\/wp-json\/wp\/v2\/media?parent=657"}],"wp:term":[{"taxonomy":"category","embeddable":true,"href":"https:\/\/sindenfermeiro.com.br\/index.php\/wp-json\/wp\/v2\/categories?post=657"},{"taxonomy":"post_tag","embeddable":true,"href":"https:\/\/sindenfermeiro.com.br\/index.php\/wp-json\/wp\/v2\/tags?post=657"}],"curies":[{"name":"wp","href":"https:\/\/api.w.org\/{rel}","templated":true}]}}