{"id":655,"date":"2016-12-03T00:36:10","date_gmt":"2016-12-03T00:36:10","guid":{"rendered":"http:\/\/www.sindenfermeiro.com.br\/?p=655"},"modified":"2026-04-29T06:59:04","modified_gmt":"2026-04-29T09:59:04","slug":"sindenfermeiro-apoia-feijoada-em-prol-de-portadores-de-hiv-e-aids","status":"publish","type":"post","link":"https:\/\/sindenfermeiro.com.br\/index.php\/2016\/12\/03\/sindenfermeiro-apoia-feijoada-em-prol-de-portadores-de-hiv-e-aids\/","title":{"rendered":"SindEnfermeiro &#8211; DF apoia Feijoada Solid\u00e1ria em prol do Grupo Arco-\u00cdris!"},"content":{"rendered":"<p style=\"text-align: justify\"><span style=\"font-size: 14pt\">No m\u00eas da sensibiliza\u00e7\u00e3o mundial da luta contra o avan\u00e7o do HIV\/AIDS acontecer\u00e1 uma feijoada beneficente com o intuito de angariar fundos para auxiliar o Grupo Arco-\u00edris, que atua junto \u00e0 portadores do v\u00edrus HIV\/AIDS oferecendo suporte psicossocial e capacita\u00e7\u00f5es para pessoas soropositivas em situa\u00e7\u00e3o de vulnerabilidade.<\/span><\/p>\n<p style=\"text-align: justify\"><span style=\"font-size: 14pt\">No pr\u00f3ximo domingo (4\/12), em \u00c1guas Claras, acontecer\u00e1 a &#8220;Feijoada Solid\u00e1ria em prol do Grupo Arco-\u00cdris&#8221;.<\/span><\/p>\n<p style=\"text-align: justify\"><span style=\"font-size: 14pt\"><strong>AS DIFICULDADES<\/strong><\/span><\/p>\n<p style=\"text-align: justify\"><span style=\"font-size: 14pt\">Al\u00e9m do grande estigma social ainda existente no s\u00e9culo XXI em sua maioria causados por ignor\u00e2ncia e desinforma\u00e7\u00e3o acerca do v\u00edrus HIV e de seus portadores, Dr\u00aa Regina lembra que houve o tempo em que o Grupo possu\u00eda conv\u00eanios com os Governos Federal e Distrital, e por meio de parcerias podiam desenvolver a\u00e7\u00f5es de suporte mais efetivos \u00e0s pessoas acompanhadas pelo Grupo. Hoje o Grupo se mantem por meio da a\u00e7\u00e3o de volunt\u00e1rios que, sens\u00edveis ao trabalho da institui\u00e7\u00e3o, ajudam a mesma por meio de doa\u00e7\u00f5es mensais. Atualmente o Grupo desenvolve a\u00e7\u00f5es sociais e estimula ativamente o trabalho artes\u00e3o como forma de estimular a capacita\u00e7\u00e3o profissional e a melhoria na renda de soropositivos em situa\u00e7\u00f5es de baixa renda e vulnerabilidade.<\/span><\/p>\n<p style=\"text-align: justify\"><span style=\"font-size: 14pt\"><strong>A FEIJOADA<\/strong><\/span><\/p>\n<p style=\"text-align: justify\"><span style=\"font-size: 14pt\">Neste domingo (4\/12), acontecer\u00e1 a &#8220;Feijoada Solid\u00e1ria em prol do Grupo Arco-\u00cdris&#8221;.\u00a0 A feijoada est\u00e1 sendo oferecida por um grupo de mulheres que, em apoio ao Grupo, conseguiu todos os ingredientes e est\u00e1 oferecendo este delicioso evento social no qual o dinheiro arrecadado ser\u00e1 doado para auxiliar a institui\u00e7\u00e3o. Pelo pre\u00e7o de R$50,00 o convidado ter\u00e1 direito a feijoada, sobremesa e bebida (refrigerante e \u00e1gua). O evento acontecer\u00e1 na Rua 30 Norte, Lote 01, Residencial New York by Vict\u00f3ria (sal\u00e3o de festas) &#8211; \u00c1guas Claras<\/span><\/p>\n<p style=\"text-align: justify\"><span style=\"font-size: 14pt\">O convite pode ser adquirido por meio de transfer\u00eancia bancaria (R$50,00 por convidado, para conta do Banco do Brasil Ag.3477-0;\u00a0 CC:45164-9). Ap\u00f3s a transfer\u00eancia mande a foto do comprovante para o Whatsapp do telefone 99967-9171, informando o nome do convidado, pois como se trata de um condom\u00ednio, ser\u00e1 necess\u00e1rio o nome do convidado na lista do Residencial. Depois \u00e9 s\u00f3 aguardar o domingo e boa feijoada!<\/span><\/p>\n<p style=\"text-align: justify\"><span style=\"font-size: 14pt\"><strong>SEJA UM COLABORADOR<\/strong><\/span><\/p>\n<p style=\"text-align: justify\"><span style=\"font-size: 14pt\">Para aqueles que tiverem interesse em auxiliar esta nobre causa, entre em contato com o Grupo Arco-\u00cdris pelos telefones 3361-9665(Grupo) ou 99967-9171 (Dr\u00aa Regina). Lembrando que o Grupo aceita todo tipo de doa\u00e7\u00f5es de materiais, alimentos, indo buscar no local, ou doa\u00e7\u00f5es financeiras (BB: Ag.3477-0;\u00a0 CC:45164-9). \u00a0Ajude voc\u00ea tamb\u00e9m!<\/span><\/p>\n<p style=\"text-align: justify\"><span style=\"font-size: 14pt\">O SindEnfermeiro-DF reconhece e parabeniza a luta do Grupo Arco-\u00cdris e apoia a luta contra o avan\u00e7o do HIV no Distrito Federal e em especial a luta contra o preconceito causado pela desinforma\u00e7\u00e3o. Lembrem-se, beijos, abra\u00e7os, carinho, afeto, compartilhar copos ou talheres, N\u00c3O TRANSMITE O HIV! O que transmite \u00e9 a rela\u00e7\u00e3o sexual desprotegida (sexo sem camisinha), o contato com sangue contaminado ou o compartilhamento de agulhas (no caso de usu\u00e1rios de drogas injet\u00e1veis). E hoje, indiv\u00edduos soropositivos podem levar uma vida absolutamente normal e saud\u00e1vel com o atual uso dos medicamentos antirretrovirais.<\/span><br \/>\n<span style=\"font-size: 14pt\"> \u201cO preconceito \u00e9 uma doen\u00e7a, a cura s\u00f3 depende de n\u00f3s\u201d, juntos somos mais fortes!<\/span><\/p>\n<p><img loading=\"lazy\" decoding=\"async\" class=\"alignnone size-full wp-image-666\" src=\"http:\/\/www.sindenfermeiro.com.br\/wp-content\/uploads\/2016\/12\/1.png\" alt=\"1\" width=\"800\" height=\"800\" \/><\/p>\n","protected":false},"excerpt":{"rendered":"<p>No m\u00eas da sensibiliza\u00e7\u00e3o mundial da luta contra o avan\u00e7o do HIV\/AIDS acontecer\u00e1 uma feijoada beneficente com o intuito de angariar fundos para auxiliar o Grupo Arco-\u00edris, que atua junto \u00e0 portadores do v\u00edrus HIV\/AIDS oferecendo suporte psicossocial e capacita\u00e7\u00f5es para pessoas soropositivas em situa\u00e7\u00e3o de vulnerabilidade. No pr\u00f3ximo domingo (4\/12), em \u00c1guas Claras, acontecer\u00e1 [&hellip;]<\/p>\n","protected":false},"author":6,"featured_media":666,"comment_status":"closed","ping_status":"closed","sticky":false,"template":"","format":"standard","meta":{"footnotes":""},"categories":[6,13,5,2],"tags":[],"class_list":["post-655","post","type-post","status-publish","format-standard","has-post-thumbnail","hentry","category-noticias","category-rede-privada","category-rede-publica","category-teste"],"_links":{"self":[{"href":"https:\/\/sindenfermeiro.com.br\/index.php\/wp-json\/wp\/v2\/posts\/655","targetHints":{"allow":["GET"]}}],"collection":[{"href":"https:\/\/sindenfermeiro.com.br\/index.php\/wp-json\/wp\/v2\/posts"}],"about":[{"href":"https:\/\/sindenfermeiro.com.br\/index.php\/wp-json\/wp\/v2\/types\/post"}],"author":[{"embeddable":true,"href":"https:\/\/sindenfermeiro.com.br\/index.php\/wp-json\/wp\/v2\/users\/6"}],"replies":[{"embeddable":true,"href":"https:\/\/sindenfermeiro.com.br\/index.php\/wp-json\/wp\/v2\/comments?post=655"}],"version-history":[{"count":1,"href":"https:\/\/sindenfermeiro.com.br\/index.php\/wp-json\/wp\/v2\/posts\/655\/revisions"}],"predecessor-version":[{"id":32815,"href":"https:\/\/sindenfermeiro.com.br\/index.php\/wp-json\/wp\/v2\/posts\/655\/revisions\/32815"}],"wp:featuredmedia":[{"embeddable":true,"href":"https:\/\/sindenfermeiro.com.br\/index.php\/wp-json\/"}],"wp:attachment":[{"href":"https:\/\/sindenfermeiro.com.br\/index.php\/wp-json\/wp\/v2\/media?parent=655"}],"wp:term":[{"taxonomy":"category","embeddable":true,"href":"https:\/\/sindenfermeiro.com.br\/index.php\/wp-json\/wp\/v2\/categories?post=655"},{"taxonomy":"post_tag","embeddable":true,"href":"https:\/\/sindenfermeiro.com.br\/index.php\/wp-json\/wp\/v2\/tags?post=655"}],"curies":[{"name":"wp","href":"https:\/\/api.w.org\/{rel}","templated":true}]}}