{"id":6522,"date":"2019-03-28T18:23:49","date_gmt":"2019-03-28T18:23:49","guid":{"rendered":"http:\/\/www.sindenfermeiro.com.br\/?p=6522"},"modified":"2026-04-26T15:25:26","modified_gmt":"2026-04-26T18:25:26","slug":"curso-de-imunizacao-oferecido-pelo-coren-df-com-dayse-amarilio-2","status":"publish","type":"post","link":"https:\/\/sindenfermeiro.com.br\/index.php\/2019\/03\/28\/curso-de-imunizacao-oferecido-pelo-coren-df-com-dayse-amarilio-2\/","title":{"rendered":"Curso de Imuniza\u00e7\u00e3o oferecido pelo COREN-DF com Dayse Amar\u00edlio"},"content":{"rendered":"<p><img loading=\"lazy\" decoding=\"async\" class=\" wp-image-6523 aligncenter\" src=\"http:\/\/www.sindenfermeiro.com.br\/wp-content\/uploads\/2019\/03\/WhatsApp-Image-2019-03-28-at-15.18.49-900x675.jpeg\" alt=\"\" width=\"489\" height=\"367\" \/><\/p>\n<p><strong>Foto: COREN-DF<\/strong><\/p>\n<p>Na \u00faltima ter\u00e7a (26), a presidente do SindEnfermeiro-DF, Dayse Amar\u00edlio, a convite do Conselho Regional de Enfermagem do Distrito Federal (Coren-DF), ministrou o Curso de Imuniza\u00e7\u00e3o para enfermeiros e estudantes de enfermagem. Dezenas de profissionais lotaram o audit\u00f3rio do Senac da 903 Sul.<\/p>\n<p>Para Dayse, esse tipo de parceria entre as duas institui\u00e7\u00f5es \u2013 SindEnfermeiro e COREN-DF \u2013 ajuda a fortalecer ainda mais a Frente \u00danica da Enfermagem (FUEnf). \u201c\u00c9 uma alegria muito grande estar junto do COREN, porque isso fortalece muito a FUEnf. Investir na capacita\u00e7\u00e3o dos profissionais e estar perto dos alunos e dos trabalhadores, alimenta a nossa uni\u00e3o e a for\u00e7a dos nossos projetos\u201d completa Dayse Amar\u00edlio, que al\u00e9m de presidente do SindEnfermeiro-DF, \u00e9 professora.<\/p>\n","protected":false},"excerpt":{"rendered":"<p>Foto: COREN-DF Na \u00faltima ter\u00e7a (26), a presidente do SindEnfermeiro-DF, Dayse Amar\u00edlio, a convite do Conselho Regional de Enfermagem do Distrito Federal (Coren-DF), ministrou o Curso de Imuniza\u00e7\u00e3o para enfermeiros e estudantes de enfermagem. Dezenas de profissionais lotaram o audit\u00f3rio do Senac da 903 Sul. Para Dayse, esse tipo de parceria entre as duas institui\u00e7\u00f5es [&hellip;]<\/p>\n","protected":false},"author":6,"featured_media":6525,"comment_status":"closed","ping_status":"closed","sticky":false,"template":"","format":"standard","meta":{"footnotes":""},"categories":[6,13,5],"tags":[141,221,222,7,99,21],"class_list":["post-6522","post","type-post","status-publish","format-standard","has-post-thumbnail","hentry","category-noticias","category-rede-privada","category-rede-publica","tag-coren-df","tag-curso-de-atualizacao","tag-dayse-amarilio","tag-enfermagem","tag-enfermagem-df","tag-sindenfermeiro"],"_links":{"self":[{"href":"https:\/\/sindenfermeiro.com.br\/index.php\/wp-json\/wp\/v2\/posts\/6522","targetHints":{"allow":["GET"]}}],"collection":[{"href":"https:\/\/sindenfermeiro.com.br\/index.php\/wp-json\/wp\/v2\/posts"}],"about":[{"href":"https:\/\/sindenfermeiro.com.br\/index.php\/wp-json\/wp\/v2\/types\/post"}],"author":[{"embeddable":true,"href":"https:\/\/sindenfermeiro.com.br\/index.php\/wp-json\/wp\/v2\/users\/6"}],"replies":[{"embeddable":true,"href":"https:\/\/sindenfermeiro.com.br\/index.php\/wp-json\/wp\/v2\/comments?post=6522"}],"version-history":[{"count":1,"href":"https:\/\/sindenfermeiro.com.br\/index.php\/wp-json\/wp\/v2\/posts\/6522\/revisions"}],"predecessor-version":[{"id":37158,"href":"https:\/\/sindenfermeiro.com.br\/index.php\/wp-json\/wp\/v2\/posts\/6522\/revisions\/37158"}],"wp:featuredmedia":[{"embeddable":true,"href":"https:\/\/sindenfermeiro.com.br\/index.php\/wp-json\/"}],"wp:attachment":[{"href":"https:\/\/sindenfermeiro.com.br\/index.php\/wp-json\/wp\/v2\/media?parent=6522"}],"wp:term":[{"taxonomy":"category","embeddable":true,"href":"https:\/\/sindenfermeiro.com.br\/index.php\/wp-json\/wp\/v2\/categories?post=6522"},{"taxonomy":"post_tag","embeddable":true,"href":"https:\/\/sindenfermeiro.com.br\/index.php\/wp-json\/wp\/v2\/tags?post=6522"}],"curies":[{"name":"wp","href":"https:\/\/api.w.org\/{rel}","templated":true}]}}