{"id":6519,"date":"2019-03-28T18:48:13","date_gmt":"2019-03-28T18:48:13","guid":{"rendered":"http:\/\/www.sindenfermeiro.com.br\/?p=6519"},"modified":"2026-04-26T15:25:51","modified_gmt":"2026-04-26T18:25:51","slug":"inteligencia-emocional-e-o-tema-da-segunda-aula-do-ciclo-de-capacitacao-sindenfermeiro","status":"publish","type":"post","link":"https:\/\/sindenfermeiro.com.br\/index.php\/2019\/03\/28\/inteligencia-emocional-e-o-tema-da-segunda-aula-do-ciclo-de-capacitacao-sindenfermeiro\/","title":{"rendered":"Intelig\u00eancia emocional \u00e9 o tema da segunda aula do Ciclo de Capacita\u00e7\u00e3o SindEnfermeiro"},"content":{"rendered":"<style type=\"text\/css\">\n#foogallery-gallery-6547 .fg-image { width: 640px; }<\/style>\n\t\t\t<div class=\"foogallery foogallery-container foogallery-image-viewer foogallery-link-image foogallery-lightbox-none fg-center fg-image-viewer fg-ready fg-light fg-border-thin fg-shadow-outline fg-loading-default fg-loaded-fade-in fg-caption-hover fg-hover-fade fg-hover-zoom\" id=\"foogallery-gallery-6547\" data-foogallery=\"{&quot;item&quot;:{&quot;showCaptionTitle&quot;:true,&quot;showCaptionDescription&quot;:true},&quot;lazy&quot;:true,&quot;template&quot;:{&quot;loop&quot;:true}}\" style=\"--fg-title-line-clamp: 0; --fg-description-line-clamp: 0;\" >\n\t<div class=\"fiv-inner\">\n\t\t<div class=\"fiv-inner-container\">\n\t\t\t\t\t<\/div>\n\t\t<div class=\"fiv-ctrls\">\n\t\t\t<button type=\"button\" class=\"fiv-prev\" title=\"Prev\"><span>Prev<\/span><\/button>\n\t\t\t<label class=\"fiv-count\"><span class=\"fiv-count-current\">1<\/span>of<span class=\"fiv-count-total\">47<\/span><\/label>\n\t\t\t<button type=\"button\" class=\"fiv-next\" title=\"Next\"><span>Next<\/span><\/button>\n\t\t<\/div>\n\t<\/div>\n<\/div>\n<p style=\"text-align: justify\">\u201cIntelig\u00eancia emocional no trabalho\u201d foi debatida na segunda aula do Ciclo de Capacita\u00e7\u00e3o 2019 do SindEnfermeiro-DF. Quem conduziu o assunto foi o diretor do SindEnfermeiro e coach, S\u00e9rgio Lima. A aula trouxe uma vis\u00e3o diferenciada sobre como lidar com os sentimentos, conciliar raz\u00e3o e emo\u00e7\u00e3o e estimular o foco &#8211; com o intuito de buscar melhores resultados dentro do ambiente de trabalho.<\/p>\n<p style=\"text-align: justify\">Segundo S\u00e9rgio, a intelig\u00eancia emocional ajuda em diversos aspectos da vida profissional dos enfermeiros, principalmente para os profissionais que est\u00e3o em cargos de gest\u00e3o. \u201cDesenvolver a intelig\u00eancia emocional \u00e9 fundamental para a autogest\u00e3o, consci\u00eancia social e maior probabilidade para alcan\u00e7ar os objetivos e metas pessoais e profissionais\u201d, completa.<\/p>\n<p style=\"text-align: justify\">S\u00e9rgio Lima tamb\u00e9m chama a aten\u00e7\u00e3o para o fato de que atitudes como agressividade, impaci\u00eancia e a dificuldade para trabalhar em equipe t\u00eam rela\u00e7\u00e3o direta com n\u00edveis de intelig\u00eancia emocional baixos.<\/p>\n<p style=\"text-align: justify\">As aulas do ciclo de capacita\u00e7\u00e3o acontecer\u00e3o todos os meses na sede do SindEnfermeiro-DF. Para conferir os pr\u00f3ximos assuntos e datas das aulas basta ficar atendo as nossas redes sociais!<\/p>\n","protected":false},"excerpt":{"rendered":"<p>\u201cIntelig\u00eancia emocional no trabalho\u201d foi debatida na segunda aula do Ciclo de Capacita\u00e7\u00e3o 2019 do SindEnfermeiro-DF. Quem conduziu o assunto foi o diretor do SindEnfermeiro e coach, S\u00e9rgio Lima. A aula trouxe uma vis\u00e3o diferenciada sobre como lidar com os sentimentos, conciliar raz\u00e3o e emo\u00e7\u00e3o e estimular o foco &#8211; com o intuito de buscar [&hellip;]<\/p>\n","protected":false},"author":6,"featured_media":6537,"comment_status":"closed","ping_status":"closed","sticky":false,"template":"","format":"standard","meta":{"footnotes":""},"categories":[6,13,5],"tags":[220,7,99,21],"class_list":["post-6519","post","type-post","status-publish","format-standard","has-post-thumbnail","hentry","category-noticias","category-rede-privada","category-rede-publica","tag-ciclo-de-calapcitacao","tag-enfermagem","tag-enfermagem-df","tag-sindenfermeiro"],"_links":{"self":[{"href":"https:\/\/sindenfermeiro.com.br\/index.php\/wp-json\/wp\/v2\/posts\/6519","targetHints":{"allow":["GET"]}}],"collection":[{"href":"https:\/\/sindenfermeiro.com.br\/index.php\/wp-json\/wp\/v2\/posts"}],"about":[{"href":"https:\/\/sindenfermeiro.com.br\/index.php\/wp-json\/wp\/v2\/types\/post"}],"author":[{"embeddable":true,"href":"https:\/\/sindenfermeiro.com.br\/index.php\/wp-json\/wp\/v2\/users\/6"}],"replies":[{"embeddable":true,"href":"https:\/\/sindenfermeiro.com.br\/index.php\/wp-json\/wp\/v2\/comments?post=6519"}],"version-history":[{"count":1,"href":"https:\/\/sindenfermeiro.com.br\/index.php\/wp-json\/wp\/v2\/posts\/6519\/revisions"}],"predecessor-version":[{"id":36821,"href":"https:\/\/sindenfermeiro.com.br\/index.php\/wp-json\/wp\/v2\/posts\/6519\/revisions\/36821"}],"wp:featuredmedia":[{"embeddable":true,"href":"https:\/\/sindenfermeiro.com.br\/index.php\/wp-json\/"}],"wp:attachment":[{"href":"https:\/\/sindenfermeiro.com.br\/index.php\/wp-json\/wp\/v2\/media?parent=6519"}],"wp:term":[{"taxonomy":"category","embeddable":true,"href":"https:\/\/sindenfermeiro.com.br\/index.php\/wp-json\/wp\/v2\/categories?post=6519"},{"taxonomy":"post_tag","embeddable":true,"href":"https:\/\/sindenfermeiro.com.br\/index.php\/wp-json\/wp\/v2\/tags?post=6519"}],"curies":[{"name":"wp","href":"https:\/\/api.w.org\/{rel}","templated":true}]}}