{"id":6515,"date":"2019-03-28T12:36:45","date_gmt":"2019-03-28T12:36:45","guid":{"rendered":"http:\/\/www.sindenfermeiro.com.br\/?p=6515"},"modified":"2026-04-26T19:02:13","modified_gmt":"2026-04-26T22:02:13","slug":"sindenfermeiro-obtem-decisoes-favoraveis-em-acoes-sobre-gratificacao-de-preceptorias","status":"publish","type":"post","link":"https:\/\/sindenfermeiro.com.br\/index.php\/2019\/03\/28\/sindenfermeiro-obtem-decisoes-favoraveis-em-acoes-sobre-gratificacao-de-preceptorias\/","title":{"rendered":"SindEnfermeiro obt\u00e9m decis\u00f5es favor\u00e1veis em a\u00e7\u00f5es sobre Gratifica\u00e7\u00e3o de Preceptorias"},"content":{"rendered":"<p>&nbsp;<\/p>\n<p style=\"text-align: justify\">O Sindicato dos Enfermeiros do Distrito Federal, atrav\u00e9s de seu departamento jur\u00eddico, obteve em mar\u00e7o as primeiras senten\u00e7as favor\u00e1veis aos sindicalizados que recorreram para receber valores relacionados \u00e0 Gratifica\u00e7\u00e3o de Preceptoria, que vinha sendo paga de forma defasada pela Secretaria de Sa\u00fade desde 2014.<\/p>\n<p style=\"text-align: justify\">As decis\u00f5es determinaram a regulariza\u00e7\u00e3o dos pagamentos por parte do Governo do Distrito Federal (GDF), conforme o ajuste de tabela de vencimentos prevista na Lei n\u00ba 5.249\/2013 \u2013 e ressaltam que as alega\u00e7\u00f5es de d\u00e9ficit or\u00e7ament\u00e1rio feitas pelo Executivo n\u00e3o foram comprovadas durante o andamento dos processos.<\/p>\n<p style=\"text-align: justify\">Al\u00e9m disso, a senten\u00e7a vai de encontro ao entendimento do Superior Tribunal de Justi\u00e7a (STJ) \u2013 que n\u00e3o considera a Lei de Responsabilidade Fiscal como fundamento v\u00e1lido para impedir os servidores de receberem valores previstos em lei. No entanto, \u00e9 necess\u00e1rio aguardar o prazo de 30 dias para saber se o GDF vai recorrer da decis\u00e3o.<\/p>\n<p style=\"text-align: justify\">O SindEnfermeiro ressalta que todos os enfermeiros que exerceram ou exercem atividades de preceptoria a partir de 2014, e que tenham valores a receber, podem procurar o departamento jur\u00eddico para an\u00e1lise e orienta\u00e7\u00e3o espec\u00edfica sobre o caso. Os sindicalizados beneficiados com as a\u00e7\u00f5es ser\u00e3o comunicados individualmente sobre o andamento das mesmas, e as eventuais resolu\u00e7\u00f5es posteriores.<\/p>\n","protected":false},"excerpt":{"rendered":"<p>&nbsp; O Sindicato dos Enfermeiros do Distrito Federal, atrav\u00e9s de seu departamento jur\u00eddico, obteve em mar\u00e7o as primeiras senten\u00e7as favor\u00e1veis aos sindicalizados que recorreram para receber valores relacionados \u00e0 Gratifica\u00e7\u00e3o de Preceptoria, que vinha sendo paga de forma defasada pela Secretaria de Sa\u00fade desde 2014. As decis\u00f5es determinaram a regulariza\u00e7\u00e3o dos pagamentos por parte do [&hellip;]<\/p>\n","protected":false},"author":6,"featured_media":6516,"comment_status":"closed","ping_status":"closed","sticky":false,"template":"","format":"standard","meta":{"footnotes":""},"categories":[6,5],"tags":[99,142,143,44],"class_list":["post-6515","post","type-post","status-publish","format-standard","has-post-thumbnail","hentry","category-noticias","category-rede-publica","tag-enfermagem-df","tag-preceptores","tag-preceptoria","tag-sindenfermeiro-df"],"_links":{"self":[{"href":"https:\/\/sindenfermeiro.com.br\/index.php\/wp-json\/wp\/v2\/posts\/6515","targetHints":{"allow":["GET"]}}],"collection":[{"href":"https:\/\/sindenfermeiro.com.br\/index.php\/wp-json\/wp\/v2\/posts"}],"about":[{"href":"https:\/\/sindenfermeiro.com.br\/index.php\/wp-json\/wp\/v2\/types\/post"}],"author":[{"embeddable":true,"href":"https:\/\/sindenfermeiro.com.br\/index.php\/wp-json\/wp\/v2\/users\/6"}],"replies":[{"embeddable":true,"href":"https:\/\/sindenfermeiro.com.br\/index.php\/wp-json\/wp\/v2\/comments?post=6515"}],"version-history":[{"count":1,"href":"https:\/\/sindenfermeiro.com.br\/index.php\/wp-json\/wp\/v2\/posts\/6515\/revisions"}],"predecessor-version":[{"id":23609,"href":"https:\/\/sindenfermeiro.com.br\/index.php\/wp-json\/wp\/v2\/posts\/6515\/revisions\/23609"}],"wp:featuredmedia":[{"embeddable":true,"href":"https:\/\/sindenfermeiro.com.br\/index.php\/wp-json\/"}],"wp:attachment":[{"href":"https:\/\/sindenfermeiro.com.br\/index.php\/wp-json\/wp\/v2\/media?parent=6515"}],"wp:term":[{"taxonomy":"category","embeddable":true,"href":"https:\/\/sindenfermeiro.com.br\/index.php\/wp-json\/wp\/v2\/categories?post=6515"},{"taxonomy":"post_tag","embeddable":true,"href":"https:\/\/sindenfermeiro.com.br\/index.php\/wp-json\/wp\/v2\/tags?post=6515"}],"curies":[{"name":"wp","href":"https:\/\/api.w.org\/{rel}","templated":true}]}}