{"id":6509,"date":"2019-03-26T20:21:42","date_gmt":"2019-03-26T20:21:42","guid":{"rendered":"http:\/\/www.sindenfermeiro.com.br\/?p=6509"},"modified":"2026-04-26T18:55:04","modified_gmt":"2026-04-26T21:55:04","slug":"insalubridade-para-os-enfermeiros","status":"publish","type":"post","link":"https:\/\/sindenfermeiro.com.br\/index.php\/2019\/03\/26\/insalubridade-para-os-enfermeiros\/","title":{"rendered":"Insalubridade para os enfermeiros"},"content":{"rendered":"<p style=\"text-align: justify\">O SindEnfermeiro-DF tem recebido v\u00e1rios questionamentos sobre a insalubridade, assim, por meio desta, vem esclarecer que, com base em decis\u00f5es judiciais nos processos de outros sindicatos da sa\u00fade, a Secretaria de Sa\u00fade (SES-DF) reconheceu a obriga\u00e7\u00e3o da manuten\u00e7\u00e3o do pagamento do adicional de insalubridade\/periculosidade e do aux\u00edlio alimenta\u00e7\u00e3o nos casos de afastamentos e\/ou licen\u00e7as previstas no artigo 165 da Lei 840\/2011.<\/p>\n<p style=\"text-align: justify\">As decis\u00f5es n\u00e3o atingem diretamente os enfermeiros, mas servem como mais um argumento para o processo coletivo de n\u00ba 2014.01.1.163151-6, de mesmo tema, que o Sindicato move contra o GDF.<\/p>\n<p style=\"text-align: justify\">O departamento jur\u00eddico do sindicato, al\u00e9m do acompanhamento do processo judicial, est\u00e1 realizando dilig\u00eancias junto \u00e0 SES-DF para estender o alcance da Circular aos enfermeiros, o que somente representaria a justi\u00e7a.<\/p>\n<p style=\"text-align: justify\"><strong>Relembre o caso<\/strong><\/p>\n<p style=\"text-align: justify\">Em 2014, o SindEnfermeiro ajuizou a\u00e7\u00e3o coletiva de n\u00ba 2014.01.1.163151-6, onde obteve decis\u00e3o favor\u00e1vel em 1\u00ba grau que obrigou o GDF a n\u00e3o realizar qualquer desconto relativo ao adicional de insalubridade, bem como providenciar a restitui\u00e7\u00e3o daqueles descontados em virtude de afastamentos considerados como efetivo exerc\u00edcio, observado os cinco anos que antecedem o ajuizamento da a\u00e7\u00e3o.<\/p>\n<p style=\"text-align: justify\">Vale ressaltar que a decis\u00e3o est\u00e1 suspensa por recurso apresentado pelo GDF e que o processo ainda est\u00e1 em tramita\u00e7\u00e3o.<\/p>\n<p style=\"text-align: justify\">O sindicalizado prejudicado pela supress\u00e3o do adicional de insalubridade no per\u00edodo de afastamento legal dever\u00e1 agendar hor\u00e1rio junto ao Departamento Jur\u00eddico do Sindicato dos Enfermeiros, atrav\u00e9s do telefone (61) 3447-9697.<\/p>\n","protected":false},"excerpt":{"rendered":"<p>O SindEnfermeiro-DF tem recebido v\u00e1rios questionamentos sobre a insalubridade, assim, por meio desta, vem esclarecer que, com base em decis\u00f5es judiciais nos processos de outros sindicatos da sa\u00fade, a Secretaria de Sa\u00fade (SES-DF) reconheceu a obriga\u00e7\u00e3o da manuten\u00e7\u00e3o do pagamento do adicional de insalubridade\/periculosidade e do aux\u00edlio alimenta\u00e7\u00e3o nos casos de afastamentos e\/ou licen\u00e7as previstas [&hellip;]<\/p>\n","protected":false},"author":6,"featured_media":6510,"comment_status":"closed","ping_status":"closed","sticky":false,"template":"","format":"standard","meta":{"footnotes":""},"categories":[6,5],"tags":[4,21],"class_list":["post-6509","post","type-post","status-publish","format-standard","has-post-thumbnail","hentry","category-noticias","category-rede-publica","tag-insalubridade","tag-sindenfermeiro"],"_links":{"self":[{"href":"https:\/\/sindenfermeiro.com.br\/index.php\/wp-json\/wp\/v2\/posts\/6509","targetHints":{"allow":["GET"]}}],"collection":[{"href":"https:\/\/sindenfermeiro.com.br\/index.php\/wp-json\/wp\/v2\/posts"}],"about":[{"href":"https:\/\/sindenfermeiro.com.br\/index.php\/wp-json\/wp\/v2\/types\/post"}],"author":[{"embeddable":true,"href":"https:\/\/sindenfermeiro.com.br\/index.php\/wp-json\/wp\/v2\/users\/6"}],"replies":[{"embeddable":true,"href":"https:\/\/sindenfermeiro.com.br\/index.php\/wp-json\/wp\/v2\/comments?post=6509"}],"version-history":[{"count":1,"href":"https:\/\/sindenfermeiro.com.br\/index.php\/wp-json\/wp\/v2\/posts\/6509\/revisions"}],"predecessor-version":[{"id":36760,"href":"https:\/\/sindenfermeiro.com.br\/index.php\/wp-json\/wp\/v2\/posts\/6509\/revisions\/36760"}],"wp:featuredmedia":[{"embeddable":true,"href":"https:\/\/sindenfermeiro.com.br\/index.php\/wp-json\/"}],"wp:attachment":[{"href":"https:\/\/sindenfermeiro.com.br\/index.php\/wp-json\/wp\/v2\/media?parent=6509"}],"wp:term":[{"taxonomy":"category","embeddable":true,"href":"https:\/\/sindenfermeiro.com.br\/index.php\/wp-json\/wp\/v2\/categories?post=6509"},{"taxonomy":"post_tag","embeddable":true,"href":"https:\/\/sindenfermeiro.com.br\/index.php\/wp-json\/wp\/v2\/tags?post=6509"}],"curies":[{"name":"wp","href":"https:\/\/api.w.org\/{rel}","templated":true}]}}