{"id":6471,"date":"2019-03-25T16:52:19","date_gmt":"2019-03-25T16:52:19","guid":{"rendered":"http:\/\/www.sindenfermeiro.com.br\/?p=6471"},"modified":"2026-04-26T15:27:32","modified_gmt":"2026-04-26T18:27:32","slug":"sindenfermeiro-realiza-segunda-edicao-do-jantar-dos-aposentados","status":"publish","type":"post","link":"https:\/\/sindenfermeiro.com.br\/index.php\/2019\/03\/25\/sindenfermeiro-realiza-segunda-edicao-do-jantar-dos-aposentados\/","title":{"rendered":"SindEnfermeiro realiza segunda edi\u00e7\u00e3o do Jantar dos Aposentados"},"content":{"rendered":"<style type=\"text\/css\">\n#foogallery-gallery-6474 .fg-image { width: 640px; }<\/style>\n\t\t\t<div class=\"foogallery foogallery-container foogallery-image-viewer foogallery-link-image foogallery-lightbox-none fg-center fg-image-viewer fg-ready fg-light fg-border-thin fg-shadow-outline fg-loading-default fg-loaded-fade-in fg-caption-hover fg-hover-fade fg-hover-zoom\" id=\"foogallery-gallery-6474\" data-foogallery=\"{&quot;item&quot;:{&quot;showCaptionTitle&quot;:true,&quot;showCaptionDescription&quot;:true},&quot;lazy&quot;:true,&quot;template&quot;:{&quot;loop&quot;:true}}\" style=\"--fg-title-line-clamp: 0; --fg-description-line-clamp: 0;\" >\n\t<div class=\"fiv-inner\">\n\t\t<div class=\"fiv-inner-container\">\n\t\t\t\t\t<\/div>\n\t\t<div class=\"fiv-ctrls\">\n\t\t\t<button type=\"button\" class=\"fiv-prev\" title=\"Prev\"><span>Prev<\/span><\/button>\n\t\t\t<label class=\"fiv-count\"><span class=\"fiv-count-current\">1<\/span>of<span class=\"fiv-count-total\">7<\/span><\/label>\n\t\t\t<button type=\"button\" class=\"fiv-next\" title=\"Next\"><span>Next<\/span><\/button>\n\t\t<\/div>\n\t<\/div>\n<\/div>\n<p>No \u00faltimo s\u00e1bado (23), o Clube da Sa\u00fade foi palco do segundo Jantar dos Enfermeiros Aposentados do Distrito Federal. O evento organizado pelo SindEnfermeiro-DF contou com a presen\u00e7a de mais de 400 convidados. Quem esteve presente no jantar pode se divertir ao som de m\u00fasica ao vivo e uma grande variedade de comidas, bebidas e dan\u00e7arinos que animaram a pista de dan\u00e7a.<\/p>\n<p>A segunda edi\u00e7\u00e3o do jantar faz parte de uma s\u00e9rie de iniciativas do SindEnfermeiro-DF para aproximar, reconhecer e valorizar esses profissionais que tanto se dedicaram em prol da sa\u00fade da popula\u00e7\u00e3o do Distrito Federal. O evento j\u00e1 faz parte do calend\u00e1rio anual de comemora\u00e7\u00f5es do SindEnfermeiro.<\/p>\n<p>Para a presidente do SindEnfermeiro, Dayse Amar\u00edlio, o momento em que vivemos \u00e9 de n\u00e3o apenas resgatar, mas, transformar o movimento sindical com a ajuda dos aposentados. \u201cCom a categoria unida \u00e9 poss\u00edvel mudar o panorama da nossa sociedade. Mesmo aposentados, todos aqui continuam sendo enfermeiros e continuam com a capacidade de ajudar e transformar o contexto que est\u00e3o inseridos\u201d, ressaltou Dayse.<\/p>\n<p>O SindEnfermeiro agradece a todos os enfermeiros aposentados presentes no jantar. Nosso desejo \u00e9 garantir e oferecer o melhor para todos os nossos sindicalizados, estejam eles na ativa ou aposentados!<\/p>\n","protected":false},"excerpt":{"rendered":"<p>No \u00faltimo s\u00e1bado (23), o Clube da Sa\u00fade foi palco do segundo Jantar dos Enfermeiros Aposentados do Distrito Federal. O evento organizado pelo SindEnfermeiro-DF contou com a presen\u00e7a de mais de 400 convidados. Quem esteve presente no jantar pode se divertir ao som de m\u00fasica ao vivo e uma grande variedade de comidas, bebidas e [&hellip;]<\/p>\n","protected":false},"author":6,"featured_media":6472,"comment_status":"closed","ping_status":"closed","sticky":false,"template":"","format":"standard","meta":{"footnotes":""},"categories":[6,13,5],"tags":[71,7,99,219,22,172],"class_list":["post-6471","post","type-post","status-publish","format-standard","has-post-thumbnail","hentry","category-noticias","category-rede-privada","category-rede-publica","tag-aposentados","tag-enfermagem","tag-enfermagem-df","tag-jantar-dos-aposentados","tag-sindicato-dos-enfermeiros","tag-sindicato-dos-enfermeiros-do-distrito-federal"],"_links":{"self":[{"href":"https:\/\/sindenfermeiro.com.br\/index.php\/wp-json\/wp\/v2\/posts\/6471","targetHints":{"allow":["GET"]}}],"collection":[{"href":"https:\/\/sindenfermeiro.com.br\/index.php\/wp-json\/wp\/v2\/posts"}],"about":[{"href":"https:\/\/sindenfermeiro.com.br\/index.php\/wp-json\/wp\/v2\/types\/post"}],"author":[{"embeddable":true,"href":"https:\/\/sindenfermeiro.com.br\/index.php\/wp-json\/wp\/v2\/users\/6"}],"replies":[{"embeddable":true,"href":"https:\/\/sindenfermeiro.com.br\/index.php\/wp-json\/wp\/v2\/comments?post=6471"}],"version-history":[{"count":1,"href":"https:\/\/sindenfermeiro.com.br\/index.php\/wp-json\/wp\/v2\/posts\/6471\/revisions"}],"predecessor-version":[{"id":36974,"href":"https:\/\/sindenfermeiro.com.br\/index.php\/wp-json\/wp\/v2\/posts\/6471\/revisions\/36974"}],"wp:featuredmedia":[{"embeddable":true,"href":"https:\/\/sindenfermeiro.com.br\/index.php\/wp-json\/"}],"wp:attachment":[{"href":"https:\/\/sindenfermeiro.com.br\/index.php\/wp-json\/wp\/v2\/media?parent=6471"}],"wp:term":[{"taxonomy":"category","embeddable":true,"href":"https:\/\/sindenfermeiro.com.br\/index.php\/wp-json\/wp\/v2\/categories?post=6471"},{"taxonomy":"post_tag","embeddable":true,"href":"https:\/\/sindenfermeiro.com.br\/index.php\/wp-json\/wp\/v2\/tags?post=6471"}],"curies":[{"name":"wp","href":"https:\/\/api.w.org\/{rel}","templated":true}]}}