{"id":6414,"date":"2019-03-25T13:27:19","date_gmt":"2019-03-25T13:27:19","guid":{"rendered":"http:\/\/www.sindenfermeiro.com.br\/?p=6414"},"modified":"2026-04-26T15:25:45","modified_gmt":"2026-04-26T18:25:45","slug":"sindenfermeiro-participa-de-sessao-solene-na-cldf-sobre-machismo-institucional","status":"publish","type":"post","link":"https:\/\/sindenfermeiro.com.br\/index.php\/2019\/03\/25\/sindenfermeiro-participa-de-sessao-solene-na-cldf-sobre-machismo-institucional\/","title":{"rendered":"SindEnfermeiro participa de sess\u00e3o solene na CLDF sobre Machismo Institucional"},"content":{"rendered":"<style type=\"text\/css\">\n#foogallery-gallery-6467 .fg-image { width: 640px; }<\/style>\n\t\t\t<div class=\"foogallery foogallery-container foogallery-image-viewer foogallery-link-image foogallery-lightbox-none fg-center fg-image-viewer fg-ready fg-light fg-border-thin fg-shadow-outline fg-loading-default fg-loaded-fade-in fg-caption-hover fg-hover-fade fg-hover-zoom\" id=\"foogallery-gallery-6467\" data-foogallery=\"{&quot;item&quot;:{&quot;showCaptionTitle&quot;:true,&quot;showCaptionDescription&quot;:true},&quot;lazy&quot;:true,&quot;template&quot;:{&quot;loop&quot;:true}}\" style=\"--fg-title-line-clamp: 0; --fg-description-line-clamp: 0;\" >\n\t<div class=\"fiv-inner\">\n\t\t<div class=\"fiv-inner-container\">\n\t\t\t\t\t<\/div>\n\t\t<div class=\"fiv-ctrls\">\n\t\t\t<button type=\"button\" class=\"fiv-prev\" title=\"Prev\"><span>Prev<\/span><\/button>\n\t\t\t<label class=\"fiv-count\"><span class=\"fiv-count-current\">1<\/span>of<span class=\"fiv-count-total\">44<\/span><\/label>\n\t\t\t<button type=\"button\" class=\"fiv-next\" title=\"Next\"><span>Next<\/span><\/button>\n\t\t<\/div>\n\t<\/div>\n<\/div>\n<p>Na \u00faltima quinta-feira (22), o Sindicato dos Enfermeiros do Distrito Federal (SindEnfermeiro-DF) participou de sess\u00e3o solene realizada na C\u00e2mara Legislativa (CLDF) com o tema \u201cMachismo Institucional\u201d.<\/p>\n<p>O debate, presidido pelo deputado distrital Leandro Grass (REDE-DF), contou com a participa\u00e7\u00e3o da deputada federal Fl\u00e1via Arruda (PR-DF), al\u00e9m dos distritais F\u00e1bio Felix (PSOL-DF), Julia Lucy (NOVO-DF) e Arlete Sampaio (PT-DF). Estiveram presentes, ainda, os diretores do SindEnfermeiro Ana Catarine Carneiro e Adriano Lim\u00edrio, al\u00e9m de especialistas no tema e outros representantes de entidades sindicais.<\/p>\n<p>Durante a sess\u00e3o, as parlamentares presentes relataram casos de machismo sofrido dentro dos espa\u00e7os de poder e nos ambientes institucionais, como ass\u00e9dio.<\/p>\n<p>Al\u00e9m disso, tamb\u00e9m foram colocadas em pauta as dificuldades enfrentadas pelas mulheres dentro da sociedade em todos os \u00e2mbitos \u2013 abordando outras formas de machismo fora dos ambientes institucionais, como a viol\u00eancia contra a mulher \u2013 incluindo a viol\u00eancia obst\u00e9trica e sexual.<\/p>\n","protected":false},"excerpt":{"rendered":"<p>Na \u00faltima quinta-feira (22), o Sindicato dos Enfermeiros do Distrito Federal (SindEnfermeiro-DF) participou de sess\u00e3o solene realizada na C\u00e2mara Legislativa (CLDF) com o tema \u201cMachismo Institucional\u201d. O debate, presidido pelo deputado distrital Leandro Grass (REDE-DF), contou com a participa\u00e7\u00e3o da deputada federal Fl\u00e1via Arruda (PR-DF), al\u00e9m dos distritais F\u00e1bio Felix (PSOL-DF), Julia Lucy (NOVO-DF) e [&hellip;]<\/p>\n","protected":false},"author":6,"featured_media":6422,"comment_status":"closed","ping_status":"closed","sticky":false,"template":"","format":"standard","meta":{"footnotes":""},"categories":[6,13,5],"tags":[34,7,21],"class_list":["post-6414","post","type-post","status-publish","format-standard","has-post-thumbnail","hentry","category-noticias","category-rede-privada","category-rede-publica","tag-cldf","tag-enfermagem","tag-sindenfermeiro"],"_links":{"self":[{"href":"https:\/\/sindenfermeiro.com.br\/index.php\/wp-json\/wp\/v2\/posts\/6414","targetHints":{"allow":["GET"]}}],"collection":[{"href":"https:\/\/sindenfermeiro.com.br\/index.php\/wp-json\/wp\/v2\/posts"}],"about":[{"href":"https:\/\/sindenfermeiro.com.br\/index.php\/wp-json\/wp\/v2\/types\/post"}],"author":[{"embeddable":true,"href":"https:\/\/sindenfermeiro.com.br\/index.php\/wp-json\/wp\/v2\/users\/6"}],"replies":[{"embeddable":true,"href":"https:\/\/sindenfermeiro.com.br\/index.php\/wp-json\/wp\/v2\/comments?post=6414"}],"version-history":[{"count":1,"href":"https:\/\/sindenfermeiro.com.br\/index.php\/wp-json\/wp\/v2\/posts\/6414\/revisions"}],"predecessor-version":[{"id":36013,"href":"https:\/\/sindenfermeiro.com.br\/index.php\/wp-json\/wp\/v2\/posts\/6414\/revisions\/36013"}],"wp:featuredmedia":[{"embeddable":true,"href":"https:\/\/sindenfermeiro.com.br\/index.php\/wp-json\/"}],"wp:attachment":[{"href":"https:\/\/sindenfermeiro.com.br\/index.php\/wp-json\/wp\/v2\/media?parent=6414"}],"wp:term":[{"taxonomy":"category","embeddable":true,"href":"https:\/\/sindenfermeiro.com.br\/index.php\/wp-json\/wp\/v2\/categories?post=6414"},{"taxonomy":"post_tag","embeddable":true,"href":"https:\/\/sindenfermeiro.com.br\/index.php\/wp-json\/wp\/v2\/tags?post=6414"}],"curies":[{"name":"wp","href":"https:\/\/api.w.org\/{rel}","templated":true}]}}