{"id":6403,"date":"2019-03-21T12:21:57","date_gmt":"2019-03-21T12:21:57","guid":{"rendered":"http:\/\/www.sindenfermeiro.com.br\/?p=6403"},"modified":"2026-04-26T17:32:26","modified_gmt":"2026-04-26T20:32:26","slug":"sindenfermeiro-participa-de-comissao-sobre-carreiras-da-saude","status":"publish","type":"post","link":"https:\/\/sindenfermeiro.com.br\/index.php\/2019\/03\/21\/sindenfermeiro-participa-de-comissao-sobre-carreiras-da-saude\/","title":{"rendered":"SindEnfermeiro participa de comiss\u00e3o sobre carreiras da sa\u00fade"},"content":{"rendered":"<style type=\"text\/css\">\n#foogallery-gallery-6397 .fg-image { width: 640px; }<\/style>\n\t\t\t<div class=\"foogallery foogallery-container foogallery-image-viewer foogallery-link-image foogallery-lightbox-none fg-center fg-image-viewer fg-ready fg-light fg-border-thin fg-shadow-outline fg-loading-default fg-loaded-fade-in fg-caption-hover fg-hover-fade fg-hover-zoom\" id=\"foogallery-gallery-6397\" data-foogallery=\"{&quot;item&quot;:{&quot;showCaptionTitle&quot;:true,&quot;showCaptionDescription&quot;:true},&quot;lazy&quot;:true,&quot;template&quot;:{&quot;loop&quot;:true}}\" style=\"--fg-title-line-clamp: 0; --fg-description-line-clamp: 0;\" >\n\t<div class=\"fiv-inner\">\n\t\t<div class=\"fiv-inner-container\">\n\t\t\t\t\t<\/div>\n\t\t<div class=\"fiv-ctrls\">\n\t\t\t<button type=\"button\" class=\"fiv-prev\" title=\"Prev\"><span>Prev<\/span><\/button>\n\t\t\t<label class=\"fiv-count\"><span class=\"fiv-count-current\">1<\/span>of<span class=\"fiv-count-total\">28<\/span><\/label>\n\t\t\t<button type=\"button\" class=\"fiv-next\" title=\"Next\"><span>Next<\/span><\/button>\n\t\t<\/div>\n\t<\/div>\n<\/div>\n<p>Na manh\u00e3 dessa ter\u00e7a-feira (19), a presidente do Sindicato dos Enfermeiros do Distrito Federal (SindEnfermeiro-DF), Dayse Amar\u00edlio, e os diretores Tarc\u00edsio Faria e Adriano Lim\u00edrio, estiveram na audi\u00eancia que debateu as carreiras da sa\u00fade, realizada na C\u00e2mara Legislativa do Distrito Federal (CLDF) e presidida pelo deputado distrital, Jorge Vianna (PODEMOS).<\/p>\n<p>A sess\u00e3o tamb\u00e9m contou com representantes da Secret<span class=\"text_exposed_show\">aria de Sa\u00fade, de entidades de classe da sa\u00fade, al\u00e9m de estudantes e trabalhadores da sa\u00fade. Durante a sess\u00e3o, Jorge Vianna defendeu a valoriza\u00e7\u00e3o dos servidores da sa\u00fade, assim como condi\u00e7\u00f5es de trabalho para os trabalhadores.<\/span><\/p>\n<div class=\"text_exposed_show\">\n<p>A realidade dos trabalhadores<\/p>\n<p>Para a presidente, o servidor \u2013 assim como a popula\u00e7\u00e3o, vem sofrendo com a m\u00e1 gest\u00e3o e a situa\u00e7\u00e3o ca\u00f3tica da sa\u00fade no DF. \u201cO servidor vem sendo apontado como o principal culpado dos problemas, e est\u00e1 se afastando da popula\u00e7\u00e3o. N\u00f3s temos a maior for\u00e7a de trabalho e de recursos humanos do pa\u00eds, e precisamos dar condi\u00e7\u00f5es de trabalho e ouvir os profissionais, para que eles possam trabalhar a todo vapor\u201d, pontua.<\/p>\n<p>\u201cPessoas est\u00e3o morrendo nos hospitais, mas esse n\u00famero n\u00e3o \u00e9 maior por conta dos servidores. Est\u00e3o acontecendo mortes que poderiam ser evitadas. N\u00f3s servidores da sa\u00fade n\u00e3o fazemos mais porque n\u00e3o temos condi\u00e7\u00f5es!\u201d, completa Dayse.<\/p>\n<p>O SindEnfermeiro ressalta a import\u00e2ncia da participa\u00e7\u00e3o popular e dos servidores, e convida para acompanhar as discuss\u00f5es, buscando contribuir na constru\u00e7\u00e3o de uma nova perspectiva para a gest\u00e3o da sa\u00fade do Distrito Federal.<\/p>\n<\/div>\n","protected":false},"excerpt":{"rendered":"<p>Na manh\u00e3 dessa ter\u00e7a-feira (19), a presidente do Sindicato dos Enfermeiros do Distrito Federal (SindEnfermeiro-DF), Dayse Amar\u00edlio, e os diretores Tarc\u00edsio Faria e Adriano Lim\u00edrio, estiveram na audi\u00eancia que debateu as carreiras da sa\u00fade, realizada na C\u00e2mara Legislativa do Distrito Federal (CLDF) e presidida pelo deputado distrital, Jorge Vianna (PODEMOS). A sess\u00e3o tamb\u00e9m contou com [&hellip;]<\/p>\n","protected":false},"author":6,"featured_media":6372,"comment_status":"closed","ping_status":"closed","sticky":false,"template":"","format":"standard","meta":{"footnotes":""},"categories":[6,5],"tags":[34,99,21,44],"class_list":["post-6403","post","type-post","status-publish","format-standard","has-post-thumbnail","hentry","category-noticias","category-rede-publica","tag-cldf","tag-enfermagem-df","tag-sindenfermeiro","tag-sindenfermeiro-df"],"_links":{"self":[{"href":"https:\/\/sindenfermeiro.com.br\/index.php\/wp-json\/wp\/v2\/posts\/6403","targetHints":{"allow":["GET"]}}],"collection":[{"href":"https:\/\/sindenfermeiro.com.br\/index.php\/wp-json\/wp\/v2\/posts"}],"about":[{"href":"https:\/\/sindenfermeiro.com.br\/index.php\/wp-json\/wp\/v2\/types\/post"}],"author":[{"embeddable":true,"href":"https:\/\/sindenfermeiro.com.br\/index.php\/wp-json\/wp\/v2\/users\/6"}],"replies":[{"embeddable":true,"href":"https:\/\/sindenfermeiro.com.br\/index.php\/wp-json\/wp\/v2\/comments?post=6403"}],"version-history":[{"count":1,"href":"https:\/\/sindenfermeiro.com.br\/index.php\/wp-json\/wp\/v2\/posts\/6403\/revisions"}],"predecessor-version":[{"id":37034,"href":"https:\/\/sindenfermeiro.com.br\/index.php\/wp-json\/wp\/v2\/posts\/6403\/revisions\/37034"}],"wp:featuredmedia":[{"embeddable":true,"href":"https:\/\/sindenfermeiro.com.br\/index.php\/wp-json\/"}],"wp:attachment":[{"href":"https:\/\/sindenfermeiro.com.br\/index.php\/wp-json\/wp\/v2\/media?parent=6403"}],"wp:term":[{"taxonomy":"category","embeddable":true,"href":"https:\/\/sindenfermeiro.com.br\/index.php\/wp-json\/wp\/v2\/categories?post=6403"},{"taxonomy":"post_tag","embeddable":true,"href":"https:\/\/sindenfermeiro.com.br\/index.php\/wp-json\/wp\/v2\/tags?post=6403"}],"curies":[{"name":"wp","href":"https:\/\/api.w.org\/{rel}","templated":true}]}}